{"id":11023,"date":"2023-03-30T18:29:08","date_gmt":"2023-03-30T16:29:08","guid":{"rendered":"https:\/\/blog.startups.ch\/fr\/?p=11023"},"modified":"2023-03-30T18:29:11","modified_gmt":"2023-03-30T16:29:11","slug":"nouveau-droit-des-societes-anonymes-2023-organisation-dune-ag-virtuelle-ou-hybride","status":"publish","type":"post","link":"https:\/\/blog.startups.ch\/fr\/2023\/03\/30\/nouveau-droit-des-societes-anonymes-2023-organisation-dune-ag-virtuelle-ou-hybride\/","title":{"rendered":"Nouveau droit des soci\u00e9t\u00e9s anonymes 2023 : Organisation d&#8217;une AG virtuelle ou hybride"},"content":{"rendered":"\n<h2 class=\"wp-block-heading\">Depuis janvier 2023, le conseil d&#8217;administration peut non seulement tenir l&#8217;assembl\u00e9e g\u00e9n\u00e9rale sur place comme d&#8217;habitude, mais aussi la tenir de mani\u00e8re hybride, voire enti\u00e8rement virtuelle. Pour pouvoir profiter de ces nouvelles possibilit\u00e9s de tenue, les statuts de la soci\u00e9t\u00e9 doivent toutefois \u00eatre adapt\u00e9s.<\/h2>\n\n\n\n<h3 class=\"wp-block-heading\">Assembl\u00e9e g\u00e9n\u00e9rale virtuelle<\/h3>\n\n\n\n<p>Avant de convoquer l&#8217;assembl\u00e9e g\u00e9n\u00e9rale, le conseil d&#8217;administration d\u00e9termine le lieu de r\u00e9union de l&#8217;assembl\u00e9e g\u00e9n\u00e9rale. Depuis janvier 2023, le Code des obligations pr\u00e9voit qu&#8217;une assembl\u00e9e g\u00e9n\u00e9rale peut \u00eatre organis\u00e9e par des moyens \u00e9lectroniques sans lieu de r\u00e9union, et donc de mani\u00e8re virtuelle, si les statuts le pr\u00e9voient. Le conseil d&#8217;administration doit toutefois d\u00e9signer en outre un repr\u00e9sentant ind\u00e9pendant dans la convocation.<\/p>\n\n\n\n<p>Toutefois, dans la mesure o\u00f9 les actions d&#8217;une soci\u00e9t\u00e9 ne sont pas cot\u00e9es en bourse, il est m\u00eame possible de renoncer \u00e0 la d\u00e9signation d&#8217;un repr\u00e9sentant ind\u00e9pendant, si les statuts pr\u00e9voient une telle renonciation (art. 701d CO).<\/p>\n\n\n\n<h3 class=\"wp-block-heading\">Conditions d&#8217;utilisation des moyens \u00e9lectroniques<\/h3>\n\n\n\n<p>Le conseil d&#8217;administration r\u00e8gle l&#8217;utilisation des moyens \u00e9lectroniques et s&#8217;assure que :<\/p>\n\n\n\n<ol>\n<li>l&#8217;identit\u00e9 des participants soit \u00e9tablie ;<\/li>\n\n\n\n<li>les votes \u00e0 l&#8217;assembl\u00e9e g\u00e9n\u00e9rale soient transmis directement par l&#8217;image et le son ;<\/li>\n\n\n\n<li>chaque participant peut d\u00e9poser des propositions et prendre part \u00e0 la discussion ;<\/li>\n\n\n\n<li>le r\u00e9sultat des votes ne peut pas \u00eatre fauss\u00e9.<\/li>\n<\/ol>\n\n\n\n<p>Si des probl\u00e8mes techniques surviennent pendant l&#8217;Assembl\u00e9e g\u00e9n\u00e9rale et que celle-ci ne peut pas se d\u00e9rouler correctement, elle doit \u00eatre r\u00e9p\u00e9t\u00e9e. Les d\u00e9cisions prises par l&#8217;assembl\u00e9e g\u00e9n\u00e9rale avant l&#8217;apparition des probl\u00e8mes techniques restent toutefois valables.<\/p>\n\n\n\n<h3 class=\"wp-block-heading\">Assembl\u00e9e g\u00e9n\u00e9rale hybride<\/h3>\n\n\n\n<p>Outre l&#8217;assembl\u00e9e g\u00e9n\u00e9rale virtuelle, il est d\u00e9sormais \u00e9galement possible d&#8217;organiser une assembl\u00e9e g\u00e9n\u00e9rale hybride. Cela signifie que le conseil d&#8217;administration peut pr\u00e9voir que les actionnaires qui ne sont pas pr\u00e9sents au lieu de l&#8217;assembl\u00e9e g\u00e9n\u00e9rale puissent exercer leurs droits par voie \u00e9lectronique.<\/p>\n\n\n\n<p>Les exigences relatives \u00e0 l&#8217;utilisation de moyens \u00e9lectroniques sont les m\u00eames que celles mentionn\u00e9es ci-dessus.<\/p>\n\n\n\n<p>Se lancer en tant que <a href=\"https:\/\/bit.ly\/3fccZuN\">Mompreneur<\/a><br>Se lancer en tant que <a href=\"https:\/\/bit.ly\/2UFV71N\">Dadpreneur<\/a><br>Se lancer en tant <a href=\"https:\/\/bit.ly\/35JYyLi\">Seniorpreneur<\/a><br>Se lancer en tant que <a href=\"https:\/\/bit.ly\/2UEHhwy\">Youngpreneur<\/a><br><a href=\"https:\/\/www.startups.ch\/fr\/home\" target=\"_blank\" rel=\"noreferrer noopener\">\u00bb STARTUPS.CH<\/a>\u00a0<a href=\"https:\/\/www.startups.ch\/fr\/services\/creation-entreprise\" target=\"_blank\" rel=\"noreferrer noopener\">\u00bb Cr\u00e9er une entreprise<\/a><\/p>\n","protected":false},"excerpt":{"rendered":"<p>Depuis janvier 2023, le conseil d&#8217;administration peut non seulement tenir l&#8217;assembl\u00e9e g\u00e9n\u00e9rale sur place comme d&#8217;habitude, mais aussi la tenir de mani\u00e8re hybride, voire enti\u00e8rement virtuelle. Pour pouvoir profiter de ces nouvelles possibilit\u00e9s de tenue, les statuts de la soci\u00e9t\u00e9 doivent toutefois \u00eatre adapt\u00e9s. Assembl\u00e9e g\u00e9n\u00e9rale virtuelle Avant de convoquer l&#8217;assembl\u00e9e g\u00e9n\u00e9rale, le conseil d&#8217;administration [&hellip;]<\/p>\n","protected":false},"author":1,"featured_media":0,"comment_status":"open","ping_status":"open","sticky":false,"template":"","format":"standard","meta":{"content-type":"","jetpack_post_was_ever_published":false,"_jetpack_newsletter_access":"","_jetpack_dont_email_post_to_subs":false,"_jetpack_newsletter_tier_id":0,"footnotes":"","jetpack_publicize_message":"","jetpack_publicize_feature_enabled":true,"jetpack_social_post_already_shared":true,"jetpack_social_options":{"image_generator_settings":{"template":"highway","enabled":false}}},"categories":[9,4],"tags":[],"jetpack_publicize_connections":[],"aioseo_notices":[],"views":669,"jetpack_featured_media_url":"","jetpack_sharing_enabled":true,"jetpack_shortlink":"https:\/\/wp.me\/p7y0qY-2RN","_links":{"self":[{"href":"https:\/\/blog.startups.ch\/fr\/wp-json\/wp\/v2\/posts\/11023"}],"collection":[{"href":"https:\/\/blog.startups.ch\/fr\/wp-json\/wp\/v2\/posts"}],"about":[{"href":"https:\/\/blog.startups.ch\/fr\/wp-json\/wp\/v2\/types\/post"}],"author":[{"embeddable":true,"href":"https:\/\/blog.startups.ch\/fr\/wp-json\/wp\/v2\/users\/1"}],"replies":[{"embeddable":true,"href":"https:\/\/blog.startups.ch\/fr\/wp-json\/wp\/v2\/comments?post=11023"}],"version-history":[{"count":2,"href":"https:\/\/blog.startups.ch\/fr\/wp-json\/wp\/v2\/posts\/11023\/revisions"}],"predecessor-version":[{"id":11025,"href":"https:\/\/blog.startups.ch\/fr\/wp-json\/wp\/v2\/posts\/11023\/revisions\/11025"}],"wp:attachment":[{"href":"https:\/\/blog.startups.ch\/fr\/wp-json\/wp\/v2\/media?parent=11023"}],"wp:term":[{"taxonomy":"category","embeddable":true,"href":"https:\/\/blog.startups.ch\/fr\/wp-json\/wp\/v2\/categories?post=11023"},{"taxonomy":"post_tag","embeddable":true,"href":"https:\/\/blog.startups.ch\/fr\/wp-json\/wp\/v2\/tags?post=11023"}],"curies":[{"name":"wp","href":"https:\/\/api.w.org\/{rel}","templated":true}]}}