{"id":11016,"date":"2023-04-11T14:01:09","date_gmt":"2023-04-11T12:01:09","guid":{"rendered":"https:\/\/blog.startups.ch\/fr\/?p=11016"},"modified":"2023-04-11T14:28:59","modified_gmt":"2023-04-11T12:28:59","slug":"entretien-avec-manuel-voigt-proprietaire-et-fondateur-de-grow-grow-nut-suisse","status":"publish","type":"post","link":"https:\/\/blog.startups.ch\/fr\/2023\/04\/11\/entretien-avec-manuel-voigt-proprietaire-et-fondateur-de-grow-grow-nut-suisse\/","title":{"rendered":"Entretien avec Manuel Voigt, propri\u00e9taire et fondateur de Grow-Grow Nut Suisse"},"content":{"rendered":"\n<h2 class=\"wp-block-heading\">Manuel Voigt a fond\u00e9 en 2021 &nbsp;<a href=\"https:\/\/www.growgrownut.ch\/?utm_source=blog&amp;utm_medium=link&amp;utm_campaign=startupsch\">Grow-Grow Nut Suisse<\/a>, une entreprise qui permet \u00e0 sa client\u00e8le de cultiver chez elle des microgreens \u00e0 la fois d\u00e9licieux et sains dans une v\u00e9ritable coque de noix de coco. STARTUPS.CH l&#8217;a rencontr\u00e9 pour une interview.<\/h2>\n\n\n\n<figure class=\"wp-block-image size-full\"><img loading=\"lazy\" decoding=\"async\" width=\"1200\" height=\"675\" src=\"https:\/\/i0.wp.com\/blog.startups.ch\/fr\/wp-content\/uploads\/2023\/03\/image.png?resize=1200%2C675&#038;ssl=1\" alt=\"\" class=\"wp-image-11017\" data-recalc-dims=\"1\"\/><\/figure>\n\n\n\n<h3 class=\"wp-block-heading\">Quelles ont \u00e9t\u00e9 vos motivations pour cr\u00e9er votre propre entreprise?<\/h3>\n\n\n\n<p>Le d\u00e9sir de mettre sur pied quelque chose de personnel et tout simplement la curiosit\u00e9. Beaucoup de mes connaissances se sont lanc\u00e9es dans des start-ups et ont eu des id\u00e9es vraiment cool. Au d\u00e9but, il \u00e9tait aussi relativement facile d&#8217;atteindre une nouvelle client\u00e8le avec le marketing en ligne et de pr\u00e9senter de bonnes id\u00e9es.<\/p>\n\n\n\n<h3 class=\"wp-block-heading\">L&#8217;entr\u00e9e dans l&#8217;ind\u00e9pendance professionnelle est tr\u00e8s excitante et souvent li\u00e9e \u00e0 de nombreuses questions en suspens. Comment avez-vous v\u00e9cu cette phase?<\/h3>\n\n\n\n<p>En 2019 d\u00e9j\u00e0, j&#8217;ai fond\u00e9 en Allemagne avec un bon ami l&#8217;entreprise &#8220;Keimgr\u00fcn&#8221;, qui s&#8217;occupe de microgreens. Durant cette p\u00e9riode, j&#8217;ai d\u00e9j\u00e0 pu apprendre beaucoup sur la cr\u00e9ation d&#8217;entreprise et les d\u00e9fis qui y sont li\u00e9s. Ces connaissances m&#8217;ont aid\u00e9 \u00e0 cr\u00e9er mon entreprise en Suisse et ont nettement acc\u00e9l\u00e9r\u00e9 de nombreux processus. Malgr\u00e9 cela, la p\u00e9riode est toujours tr\u00e8s \u00e9prouvante, car il est impossible de tout planifier parfaitement \u00e0 l&#8217;avance &#8211; certaines choses ne se passent tout simplement pas comme pr\u00e9vu et il est alors important de garder la t\u00eate froide et de tirer le meilleur parti de la situation !<\/p>\n\n\n\n<div class=\"wp-block-columns is-layout-flex wp-container-core-columns-layout-1 wp-block-columns-is-layout-flex\">\n<div class=\"wp-block-column is-layout-flow wp-block-column-is-layout-flow\" style=\"flex-basis:66.66%\">\n<h3 class=\"wp-block-heading\">Comment votre vie a-t-elle chang\u00e9 depuis la cr\u00e9ation de votre entreprise?<\/h3>\n\n\n\n<p>Mon beau-p\u00e8re a toujours dit qu&#8217;\u00eatre ind\u00e9pendant signifie &#8220;soi-m\u00eame&#8221; et &#8220;en permanence&#8221;. Dans de nombreux secteurs, je peux facilement imaginer que c&#8217;est toujours le cas. Dans le monde de l&#8217;e-commerce, nous profitons du fait que presque tout est enti\u00e8rement num\u00e9rique. D\u00e8s le d\u00e9but, j&#8217;ai mis\u00e9 sur des processus d&#8217;entreprise automatis\u00e9s, ce qui me fait gagner \u00e9norm\u00e9ment de temps ou me permet de me consacrer \u00e0 d&#8217;autres activit\u00e9s (importantes).<\/p>\n\n\n\n<p>Le travail sur sa propre entreprise est toutefois fondamentalement diff\u00e9rent de celui d&#8217;un employ\u00e9. Chaque d\u00e9cision est prise de mani\u00e8re encore plus consciencieuse et nous poursuit souvent jusque tard dans la nuit.<\/p>\n<\/div>\n\n\n\n<div class=\"wp-block-column is-layout-flow wp-block-column-is-layout-flow\" style=\"flex-basis:33.33%\">\n<figure class=\"wp-block-image size-large is-resized\"><img loading=\"lazy\" decoding=\"async\" src=\"https:\/\/i2.wp.com\/blog.startups.ch\/wp-content\/uploads\/2023\/02\/GGN_Logo_1500_quadratisch.png?resize=1200%2C1200&amp;ssl=1\" alt=\"\" width=\"100\" height=\"100\"\/><\/figure>\n<\/div>\n<\/div>\n\n\n\n<h3 class=\"wp-block-heading\">Quels sont les d\u00e9fis auxquels une start-up pourrait \u00eatre confront\u00e9e sur votre march\u00e9 ?<\/h3>\n\n\n\n<p>Suite \u00e0 la pand\u00e9mie de Corona, de tr\u00e8s nombreuses entreprises ont d\u00fb se r\u00e9orienter et ont d\u00e9sormais d\u00e9couvert le march\u00e9 en ligne. D&#8217;un c\u00f4t\u00e9, c&#8217;est une \u00e9volution formidable, car la num\u00e9risation s&#8217;est consid\u00e9rablement d\u00e9velopp\u00e9e. Mais d&#8217;un autre c\u00f4t\u00e9, cela entra\u00eene aussi une augmentation des co\u00fbts de marketing pour les entreprises.<\/p>\n\n\n\n<p>Pour les start-ups avec une petite gamme de produits, cela repr\u00e9sente un grand d\u00e9fi, car le marketing en ligne devient de plus en plus difficile et co\u00fbteux.<\/p>\n\n\n\n<p>On le voit clairement avec les &#8220;paquets d&#8217;offres&#8221; dans le commerce \u00e9lectronique : autrefois, il y avait souvent des paquets de produits d&#8217;entr\u00e9e de gamme pour 20-30 CHF, aujourd&#8217;hui, c&#8217;est d\u00e9j\u00e0 50 CHF et plus. Cela s&#8217;explique par le fait que les co\u00fbts de marketing par utilisateur sont nettement plus \u00e9lev\u00e9s et que, par cons\u00e9quent, le chiffre d&#8217;affaires par utilisateur doit \u00e9galement augmenter pour que l&#8217;activit\u00e9 soit rentable. Mais cela va \u00e0 l&#8217;encontre de l&#8217;\u00e9volution actuelle du march\u00e9, car les clients et clientes potentiels sont plut\u00f4t enclins \u00e0 d\u00e9penser moins.<\/p>\n\n\n\n<h3 class=\"wp-block-heading\">Qu&#8217;est-ce qui vous pla\u00eet particuli\u00e8rement dans votre vie d&#8217;entrepreneur\/manager de start-up ?<\/h3>\n\n\n\n<p>L&#8217;ind\u00e9pendance. Gr\u00e2ce \u00e0 l&#8217;automatisation et \u00e0 la collaboration avec notre partenaire de gestion des commandes, je peux th\u00e9oriquement m&#8217;occuper de la rainure Grow-Grow depuis n&#8217;importe o\u00f9 dans le monde. De plus, j&#8217;adore travailler avec des ateliers pour personnes handicap\u00e9es. L&#8217;inclusion est un th\u00e8me tr\u00e8s important, qui signifie un gagnant-gagnant pour l&#8217;\u00e9conomie et les personnes.<\/p>\n\n\n\n<h3 class=\"wp-block-heading\">Perspectives d&#8217;avenir : O\u00f9 vous voyez-vous dans cinq ans ?<\/h3>\n\n\n\n<p>Mon souhait est d&#8217;apporter encore plus de verdure sur les rebords de fen\u00eatre des gens et d&#8217;attirer l&#8217;attention sur le fait qu&#8217;il est facile et fascinant de cultiver des microl\u00e9gumes et des pousses &#8211; m\u00eame sans avoir de jardin ! Dans les ann\u00e9es \u00e0 venir, j&#8217;aimerais \u00e9galement mettre en place une plateforme en Suisse sur le th\u00e8me des microgreens.<\/p>\n\n\n\n<h3 class=\"wp-block-heading\">Quels conseils donneriez-vous aux futurs cr\u00e9ateurs d&#8217;entreprise ?<\/h3>\n\n\n\n<p>Tu as une bonne id\u00e9e ? Alors accorde-toi un peu de temps pour cr\u00e9er un prototype, fais-le tester par tes amis et ta famille, puis lance ton propre business ! Si ce n&#8217;est pas maintenant, alors quand ? En fin de compte, on ne regrette g\u00e9n\u00e9ralement que les choses qui n&#8217;ont pas \u00e9t\u00e9 test\u00e9es. Veille \u00e0 ce que ton projet te tienne \u00e0 c\u0153ur et que tu puisses t&#8217;y consacrer pleinement, et occupe-toi \u00e0 temps des conditions-cadres, surtout sur le plan financier. Pour ce faire, connecte-toi \u00e0 des r\u00e9seaux proches de chez toi et tire les le\u00e7ons des succ\u00e8s et des erreurs d&#8217;autres cr\u00e9ateurs d&#8217;entreprise !<\/p>\n\n\n\n<h3 class=\"wp-block-heading\">Question finale : pour quelles raisons avez-vous d\u00e9cid\u00e9 de cr\u00e9er votre entreprise avec STARTUPS.CH ?<\/h3>\n\n\n\n<p>Je trouve tout simplement g\u00e9nial que startups.ch propose ce service. La cr\u00e9ation d&#8217;une entreprise est, selon l&#8217;activit\u00e9, tr\u00e8s complexe et il est possible de faire beaucoup d&#8217;erreurs qui co\u00fbtent par la suite beaucoup d&#8217;argent et\/ou de nerfs. Gr\u00e2ce \u00e0 startups.ch, je n&#8217;ai eu aucun souci \u00e0 ce sujet. C&#8217;est un grand avantage de pouvoir recourir \u00e0 leur expertise et d&#8217;avoir \u00e0 tout moment un interlocuteur comp\u00e9tent \u00e0 disposition. Merci encore pour cela !<\/p>\n\n\n<div class=\"wp-block-image\">\n<figure class=\"aligncenter size-large is-resized\"><img loading=\"lazy\" decoding=\"async\" src=\"https:\/\/i0.wp.com\/blog.startups.ch\/wp-content\/uploads\/2023\/02\/Grow-Grow_Nut_1-2.jpg?resize=960%2C1200&amp;ssl=1\" alt=\"\" width=\"480\" height=\"600\"\/><\/figure><\/div>\n\n\n<p><a href=\"https:\/\/www.growgrownut.ch\/?utm_source=blog&amp;utm_medium=link&amp;utm_campaign=startupsch\" target=\"_blank\" rel=\"noreferrer noopener\">Commandez maintenant votre Grow-Grow Nut<\/a><\/p>\n\n\n\n<p>Se lancer en tant que <a href=\"https:\/\/bit.ly\/3fccZuN\">Mompreneur<\/a><br>Se lancer en tant que <a href=\"https:\/\/bit.ly\/2UFV71N\">Dadpreneur<\/a><br>Se lancer en tant <a href=\"https:\/\/bit.ly\/35JYyLi\">Seniorpreneur<\/a><br>Se lancer en tant que <a href=\"https:\/\/bit.ly\/2UEHhwy\">Youngpreneur<\/a><br><a href=\"https:\/\/www.startups.ch\/fr\/home\" target=\"_blank\" rel=\"noreferrer noopener\">\u00bb STARTUPS.CH<\/a>&nbsp;<a href=\"https:\/\/www.startups.ch\/fr\/services\/creation-entreprise\" target=\"_blank\" rel=\"noreferrer noopener\">\u00bb Cr\u00e9er une entreprise<\/a><\/p>\n","protected":false},"excerpt":{"rendered":"<p>Manuel Voigt a fond\u00e9 en 2021 &nbsp;Grow-Grow Nut Suisse, une entreprise qui permet \u00e0 sa client\u00e8le de cultiver chez elle des microgreens \u00e0 la fois d\u00e9licieux et sains dans une v\u00e9ritable coque de noix de coco. STARTUPS.CH l&#8217;a rencontr\u00e9 pour une interview. Quelles ont \u00e9t\u00e9 vos motivations pour cr\u00e9er votre propre entreprise? Le d\u00e9sir de [&hellip;]<\/p>\n","protected":false},"author":1,"featured_media":0,"comment_status":"open","ping_status":"open","sticky":false,"template":"","format":"standard","meta":{"content-type":"","jetpack_post_was_ever_published":false,"_jetpack_newsletter_access":"","_jetpack_dont_email_post_to_subs":false,"_jetpack_newsletter_tier_id":0,"footnotes":"","jetpack_publicize_message":"","jetpack_publicize_feature_enabled":false,"jetpack_social_post_already_shared":true,"jetpack_social_options":{"image_generator_settings":{"template":"highway","enabled":false}}},"categories":[228],"tags":[],"jetpack_publicize_connections":[],"aioseo_notices":[],"views":281,"jetpack_featured_media_url":"","jetpack_sharing_enabled":true,"jetpack_shortlink":"https:\/\/wp.me\/p7y0qY-2RG","_links":{"self":[{"href":"https:\/\/blog.startups.ch\/fr\/wp-json\/wp\/v2\/posts\/11016"}],"collection":[{"href":"https:\/\/blog.startups.ch\/fr\/wp-json\/wp\/v2\/posts"}],"about":[{"href":"https:\/\/blog.startups.ch\/fr\/wp-json\/wp\/v2\/types\/post"}],"author":[{"embeddable":true,"href":"https:\/\/blog.startups.ch\/fr\/wp-json\/wp\/v2\/users\/1"}],"replies":[{"embeddable":true,"href":"https:\/\/blog.startups.ch\/fr\/wp-json\/wp\/v2\/comments?post=11016"}],"version-history":[{"count":5,"href":"https:\/\/blog.startups.ch\/fr\/wp-json\/wp\/v2\/posts\/11016\/revisions"}],"predecessor-version":[{"id":11031,"href":"https:\/\/blog.startups.ch\/fr\/wp-json\/wp\/v2\/posts\/11016\/revisions\/11031"}],"wp:attachment":[{"href":"https:\/\/blog.startups.ch\/fr\/wp-json\/wp\/v2\/media?parent=11016"}],"wp:term":[{"taxonomy":"category","embeddable":true,"href":"https:\/\/blog.startups.ch\/fr\/wp-json\/wp\/v2\/categories?post=11016"},{"taxonomy":"post_tag","embeddable":true,"href":"https:\/\/blog.startups.ch\/fr\/wp-json\/wp\/v2\/tags?post=11016"}],"curies":[{"name":"wp","href":"https:\/\/api.w.org\/{rel}","templated":true}]}}