{"id":11,"date":"2008-09-30T08:18:10","date_gmt":"2008-09-30T06:18:10","guid":{"rendered":"http:\/\/blog.startups.ch\/fr\/?p=11"},"modified":"2020-01-17T11:03:02","modified_gmt":"2020-01-17T10:03:02","slug":"responsabilites-raison-individuelle","status":"publish","type":"post","link":"https:\/\/blog.startups.ch\/fr\/2008\/09\/30\/responsabilites-raison-individuelle\/","title":{"rendered":"Raison individuelle: responsabilit\u00e9s du propri\u00e9taire"},"content":{"rendered":"<h3><strong>Une question <strong>fr\u00e9quemment <\/strong> \u00a0formul\u00e9e par les propri\u00e9taires d&#8217;une raison individuelle est la question de savoir quand leur responsabilit\u00e9 est engag\u00e9e. Lisez cet article pour en savoir plus \u00e0 ce propos.<\/strong><\/h3>\n<p><!--more--><\/p>\n<p><a href=\"http:\/\/blog.startups.ch\/fr\/2008\/09\/30\/de-quoi-reponds-je-comme-proprietaire-dune-raison-individuelle\/faq-three-green-cubes-in-the-air-2\/\" rel=\"attachment wp-att-1104\"><img loading=\"lazy\" decoding=\"async\" class=\"alignleft wp-image-1104 size-medium\" title=\"Faq raison individuelle\" src=\"https:\/\/i0.wp.com\/blog.startups.ch\/fr\/wp-content\/uploads\/2008\/09\/Fotolia_43485418_S1-300x126.jpg?resize=300%2C126\" alt=\"raison individuelle\" width=\"300\" height=\"126\" srcset=\"https:\/\/i0.wp.com\/blog.startups.ch\/fr\/wp-content\/uploads\/2008\/09\/Fotolia_43485418_S1.jpg?resize=300%2C126&amp;ssl=1 300w, https:\/\/i0.wp.com\/blog.startups.ch\/fr\/wp-content\/uploads\/2008\/09\/Fotolia_43485418_S1.jpg?w=690&amp;ssl=1 690w\" sizes=\"(max-width: 300px) 100vw, 300px\" data-recalc-dims=\"1\" \/><\/a>Le propri\u00e9taire de la raison individuelle r\u00e9pond des dettes avec son <strong>enti\u00e8re fortune personnelle et commerciale<\/strong>. Les nouveaux entrepreneurs qui poss\u00e8dent un logement devraient donc \u00eatre tr\u00e8s prudents avec la cr\u00e9ation de la raison individuelle pour ne pas courir le risque de perdre leur toit. En s&#8217;inscrivant au registre du commerce, la raison individuelle est \u00e9galement soumise \u00e0 la poursuite pour effets de change et la poursuite par voie de faillite.<\/p>\n<p>La raison individuelle peut \u00eatre la forme juridique optimale si l&#8217;\u00e9volution future de votre entreprise est incertaine, si le risque et le capital sont limit\u00e9s et si vous recherchez une libert\u00e9 d&#8217;entreprise illimit\u00e9e. Par contre, pour un risque commercial \u00e9lev\u00e9 la soci\u00e9t\u00e9 de capitaux est la forme la plus adapt\u00e9e.<\/p>\n<p><a class=\"postButton\" href=\"https:\/\/www.startups.ch\/fr\/services\/creation-entreprise\" target=\"_blank\" rel=\"noopener noreferrer\">\u00bb Se lancer, cr\u00e9er son entreprise<\/a>\u00a0<a class=\"postButton\" href=\"https:\/\/www.startups.ch\/fr\/prix\" target=\"_blank\" rel=\"noopener noreferrer\">\u00bb Nos services<\/a><\/p>\n","protected":false},"excerpt":{"rendered":"<p>Une question fr\u00e9quemment \u00a0formul\u00e9e par les propri\u00e9taires d&#8217;une raison individuelle est la question de savoir quand leur responsabilit\u00e9 est engag\u00e9e. Lisez cet article pour en savoir plus \u00e0 ce propos.<\/p>\n","protected":false},"author":7,"featured_media":0,"comment_status":"open","ping_status":"open","sticky":false,"template":"","format":"standard","meta":{"content-type":"","jetpack_post_was_ever_published":false,"_jetpack_newsletter_access":"","_jetpack_dont_email_post_to_subs":false,"_jetpack_newsletter_tier_id":0,"footnotes":"","jetpack_publicize_message":"","jetpack_publicize_feature_enabled":true,"jetpack_social_post_already_shared":false,"jetpack_social_options":{"image_generator_settings":{"template":"highway","enabled":false}}},"categories":[6,1,5],"tags":[],"jetpack_publicize_connections":[],"aioseo_notices":[],"views":5195,"jetpack_featured_media_url":"","jetpack_sharing_enabled":true,"jetpack_shortlink":"https:\/\/wp.me\/p7y0qY-b","_links":{"self":[{"href":"https:\/\/blog.startups.ch\/fr\/wp-json\/wp\/v2\/posts\/11"}],"collection":[{"href":"https:\/\/blog.startups.ch\/fr\/wp-json\/wp\/v2\/posts"}],"about":[{"href":"https:\/\/blog.startups.ch\/fr\/wp-json\/wp\/v2\/types\/post"}],"author":[{"embeddable":true,"href":"https:\/\/blog.startups.ch\/fr\/wp-json\/wp\/v2\/users\/7"}],"replies":[{"embeddable":true,"href":"https:\/\/blog.startups.ch\/fr\/wp-json\/wp\/v2\/comments?post=11"}],"version-history":[{"count":15,"href":"https:\/\/blog.startups.ch\/fr\/wp-json\/wp\/v2\/posts\/11\/revisions"}],"predecessor-version":[{"id":8489,"href":"https:\/\/blog.startups.ch\/fr\/wp-json\/wp\/v2\/posts\/11\/revisions\/8489"}],"wp:attachment":[{"href":"https:\/\/blog.startups.ch\/fr\/wp-json\/wp\/v2\/media?parent=11"}],"wp:term":[{"taxonomy":"category","embeddable":true,"href":"https:\/\/blog.startups.ch\/fr\/wp-json\/wp\/v2\/categories?post=11"},{"taxonomy":"post_tag","embeddable":true,"href":"https:\/\/blog.startups.ch\/fr\/wp-json\/wp\/v2\/tags?post=11"}],"curies":[{"name":"wp","href":"https:\/\/api.w.org\/{rel}","templated":true}]}}