{"id":10997,"date":"2023-03-15T10:18:54","date_gmt":"2023-03-15T09:18:54","guid":{"rendered":"https:\/\/blog.startups.ch\/fr\/?p=10997"},"modified":"2023-03-15T10:18:58","modified_gmt":"2023-03-15T09:18:58","slug":"rapport-de-creation-dentreprise-fevrier-2023-la-tendance-positive-se-poursuit","status":"publish","type":"post","link":"https:\/\/blog.startups.ch\/fr\/2023\/03\/15\/rapport-de-creation-dentreprise-fevrier-2023-la-tendance-positive-se-poursuit\/","title":{"rendered":"<strong>Rapport de cr\u00e9ation d&#8217;entreprise f\u00e9vrier 2023 : La tendance positive se poursuit<\/strong>"},"content":{"rendered":"\n<h2 class=\"wp-block-heading\">En f\u00e9vrier 2023, un total de 4&#8217;429 entreprises ont \u00e9t\u00e9 cr\u00e9\u00e9es en Suisse. Cela repr\u00e9sente une augmentation d&#8217;environ 13% par rapport au mois pr\u00e9c\u00e9dent et une augmentation d&#8217;environ 5% par rapport \u00e0 l&#8217;ann\u00e9e pr\u00e9c\u00e9dente.<\/h2>\n\n\n\n<figure class=\"wp-block-image size-full\"><img loading=\"lazy\" decoding=\"async\" width=\"940\" height=\"788\" src=\"https:\/\/i0.wp.com\/blog.startups.ch\/fr\/wp-content\/uploads\/2023\/03\/Kopie-von-Handelsregistereintragungen-Die-Entwicklung-im-zeitlichen-Verlauf-2.png?resize=940%2C788&#038;ssl=1\" alt=\"\" class=\"wp-image-10998\" data-recalc-dims=\"1\"\/><\/figure>\n\n\n\n<h3 class=\"wp-block-heading\"><strong><em>La tendance positive se poursuit<\/em><\/strong><\/h3>\n\n\n\n<p>Apr\u00e8s un bon d\u00e9but d&#8217;ann\u00e9e 2023, la tendance positive se poursuit en f\u00e9vrier. Avec un total de 4 429 entreprises nouvellement cr\u00e9\u00e9es, le nombre a augment\u00e9 de 13% par rapport au mois pr\u00e9c\u00e9dent et de 5% par rapport \u00e0 l&#8217;ann\u00e9e pr\u00e9c\u00e9dente.<\/p>\n\n\n\n<h3 class=\"wp-block-heading\"><strong>Tendance stable dans le nord-ouest de la Suisse<\/strong><\/h3>\n\n\n\n<p>La Suisse du Nord-Ouest affiche une stabilit\u00e9 dans le nombre de cr\u00e9ations d&#8217;entreprises. En f\u00e9vrier 2023, 1&#8217;007 nouvelles entreprises ont \u00e9t\u00e9 cr\u00e9\u00e9es. Cela correspond \u00e0 une augmentation de 1% par rapport au mois pr\u00e9c\u00e9dent, mais \u00e0 une diminution de 17% par rapport \u00e0 l&#8217;ann\u00e9e pr\u00e9c\u00e9dente.<\/p>\n\n\n\n<p>Le canton d&#8217;Argovie a enregistr\u00e9 un total de 268 cr\u00e9ations d&#8217;entreprises en janvier 2023, tandis qu&#8217;il y a eu une augmentation \u00e0 281 en f\u00e9vrier 2023. En comparaison, 232 cr\u00e9ations ont \u00e9t\u00e9 enregistr\u00e9es en f\u00e9vrier 2022. Le canton de B\u00e2le-Ville a enregistr\u00e9 un total de 136 cr\u00e9ations en janvier 2023, tandis qu&#8217;il y a eu une baisse \u00e0 125 cr\u00e9ations en f\u00e9vrier 2023. En f\u00e9vrier 2022, 92 cr\u00e9ations y ont \u00e9t\u00e9 enregistr\u00e9es. Le canton de B\u00e2le-Campagne a enregistr\u00e9 un total de 116 cr\u00e9ations en janvier 2023, tandis qu&#8217;il y a eu une l\u00e9g\u00e8re baisse \u00e0 109 cr\u00e9ations en f\u00e9vrier 2023. En f\u00e9vrier 2022, 108 cr\u00e9ations y ont \u00e9t\u00e9 enregistr\u00e9es.<\/p>\n\n\n\n<h3 class=\"wp-block-heading\"><strong>L\u00e9g\u00e8re baisse en Suisse orientale<\/strong><\/h3>\n\n\n\n<p>En f\u00e9vrier 2023, 547 entreprises au total ont \u00e9t\u00e9 cr\u00e9\u00e9es en Suisse orientale. Cela correspond \u00e0 une l\u00e9g\u00e8re baisse de 2% par rapport au mois pr\u00e9c\u00e9dent et \u00e0 une diminution de 2% par rapport \u00e0 l&#8217;ann\u00e9e pr\u00e9c\u00e9dente.<\/p>\n\n\n\n<p>En Suisse orientale, le canton de Saint-Gall a enregistr\u00e9 un total de 222 cr\u00e9ations d&#8217;entreprises en janvier 2023, tandis qu&#8217;en f\u00e9vrier 2023, il y a eu une augmentation de 236 cr\u00e9ations. En f\u00e9vrier 2022, 261 cr\u00e9ations y ont \u00e9t\u00e9 enregistr\u00e9es. Le canton de Thurgovie a enregistr\u00e9 un total de 127 cr\u00e9ations en janvier 2023, tandis qu&#8217;il y a eu une l\u00e9g\u00e8re baisse \u00e0 120 cr\u00e9ations en f\u00e9vrier 2023. En f\u00e9vrier 2022, 136 cr\u00e9ations y ont \u00e9t\u00e9 enregistr\u00e9es.<\/p>\n\n\n\n<h3 class=\"wp-block-heading\"><strong>Forte augmentation en Suisse romande<\/strong><\/h3>\n\n\n\n<p>La Suisse romande enregistre une forte augmentation des cr\u00e9ations en f\u00e9vrier 2023. Au total, 1 259 nouvelles entreprises ont \u00e9t\u00e9 cr\u00e9\u00e9es, ce qui repr\u00e9sente une augmentation de 19% par rapport au mois pr\u00e9c\u00e9dent et de 4% par rapport \u00e0 l&#8217;ann\u00e9e pr\u00e9c\u00e9dente.<\/p>\n\n\n\n<p>Le canton de Vaud a enregistr\u00e9 un total de 404 cr\u00e9ations d&#8217;entreprises en janvier 2023, tandis qu&#8217;en f\u00e9vrier 2023, il y a eu une augmentation \u00e0 426 cr\u00e9ations. En comparaison, 428 cr\u00e9ations ont \u00e9t\u00e9 enregistr\u00e9es en f\u00e9vrier 2022. Gen\u00e8ve a enregistr\u00e9 un total de 242 cr\u00e9ations en janvier 2023, tandis qu&#8217;en f\u00e9vrier 2023, il y a eu une forte augmentation \u00e0 366 cr\u00e9ations. En f\u00e9vrier 2022, 336 cr\u00e9ations y ont \u00e9t\u00e9 enregistr\u00e9es.<\/p>\n\n\n\n<h3 class=\"wp-block-heading\"><strong>Nouvelle hausse au Tessin<\/strong><\/h3>\n\n\n\n<p>La tendance positive se poursuit \u00e9galement au Tessin. En f\u00e9vrier 2023, un total de 223 nouvelles entreprises ont \u00e9t\u00e9 cr\u00e9\u00e9es, ce qui repr\u00e9sente une augmentation de 16% par rapport au mois pr\u00e9c\u00e9dent et une hausse de 16% par rapport \u00e0 l&#8217;ann\u00e9e pr\u00e9c\u00e9dente.<\/p>\n\n\n\n<h3 class=\"wp-block-heading\"><strong>Perspectives<\/strong><\/h3>\n\n\n\n<p>Le mois de f\u00e9vrier 2023 montre \u00e0 nouveau une tendance positive dans le nombre de cr\u00e9ations d&#8217;entreprises. La forte augmentation en Suisse romande et la nouvelle hausse au Tessin sont particuli\u00e8rement r\u00e9jouissantes. Il reste \u00e0 voir si cette tendance se poursuivra.<\/p>\n","protected":false},"excerpt":{"rendered":"<p>En f\u00e9vrier 2023, un total de 4&#8217;429 entreprises ont \u00e9t\u00e9 cr\u00e9\u00e9es en Suisse. Cela repr\u00e9sente une augmentation d&#8217;environ 13% par rapport au mois pr\u00e9c\u00e9dent et une augmentation d&#8217;environ 5% par rapport \u00e0 l&#8217;ann\u00e9e pr\u00e9c\u00e9dente. La tendance positive se poursuit Apr\u00e8s un bon d\u00e9but d&#8217;ann\u00e9e 2023, la tendance positive se poursuit en f\u00e9vrier. Avec un total [&hellip;]<\/p>\n","protected":false},"author":1,"featured_media":0,"comment_status":"open","ping_status":"open","sticky":false,"template":"","format":"standard","meta":{"content-type":"","jetpack_post_was_ever_published":false,"_jetpack_newsletter_access":"","_jetpack_dont_email_post_to_subs":false,"_jetpack_newsletter_tier_id":0,"footnotes":"","jetpack_publicize_message":"","jetpack_publicize_feature_enabled":false,"jetpack_social_post_already_shared":true,"jetpack_social_options":{"image_generator_settings":{"template":"highway","enabled":false}}},"categories":[228,7],"tags":[],"jetpack_publicize_connections":[],"aioseo_notices":[],"views":510,"jetpack_featured_media_url":"","jetpack_sharing_enabled":true,"jetpack_shortlink":"https:\/\/wp.me\/p7y0qY-2Rn","_links":{"self":[{"href":"https:\/\/blog.startups.ch\/fr\/wp-json\/wp\/v2\/posts\/10997"}],"collection":[{"href":"https:\/\/blog.startups.ch\/fr\/wp-json\/wp\/v2\/posts"}],"about":[{"href":"https:\/\/blog.startups.ch\/fr\/wp-json\/wp\/v2\/types\/post"}],"author":[{"embeddable":true,"href":"https:\/\/blog.startups.ch\/fr\/wp-json\/wp\/v2\/users\/1"}],"replies":[{"embeddable":true,"href":"https:\/\/blog.startups.ch\/fr\/wp-json\/wp\/v2\/comments?post=10997"}],"version-history":[{"count":1,"href":"https:\/\/blog.startups.ch\/fr\/wp-json\/wp\/v2\/posts\/10997\/revisions"}],"predecessor-version":[{"id":10999,"href":"https:\/\/blog.startups.ch\/fr\/wp-json\/wp\/v2\/posts\/10997\/revisions\/10999"}],"wp:attachment":[{"href":"https:\/\/blog.startups.ch\/fr\/wp-json\/wp\/v2\/media?parent=10997"}],"wp:term":[{"taxonomy":"category","embeddable":true,"href":"https:\/\/blog.startups.ch\/fr\/wp-json\/wp\/v2\/categories?post=10997"},{"taxonomy":"post_tag","embeddable":true,"href":"https:\/\/blog.startups.ch\/fr\/wp-json\/wp\/v2\/tags?post=10997"}],"curies":[{"name":"wp","href":"https:\/\/api.w.org\/{rel}","templated":true}]}}