{"id":10932,"date":"2023-01-09T09:30:00","date_gmt":"2023-01-09T08:30:00","guid":{"rendered":"https:\/\/blog.startups.ch\/fr\/?p=10932"},"modified":"2023-01-08T19:08:38","modified_gmt":"2023-01-08T18:08:38","slug":"rapport-des-creations-d-entreprises-pour-le-mois-de-decembre-2022","status":"publish","type":"post","link":"https:\/\/blog.startups.ch\/fr\/2023\/01\/09\/rapport-des-creations-d-entreprises-pour-le-mois-de-decembre-2022\/","title":{"rendered":"Rapport des cr\u00e9ations d&#8217;entreprises pour le mois de d\u00e9cembre 2022 : les bouchons peuvent rester dans les bouteilles \ufffc"},"content":{"rendered":"\n<h2 class=\"wp-block-heading\">En d\u00e9cembre 2022, 4&#8217;897 entreprises ont \u00e9t\u00e9 cr\u00e9\u00e9es en Suisse. Cela correspond \u00e0 une augmentation de 17,55 % par rapport au mois pr\u00e9c\u00e9dent, mais \u00e0 un recul de 1,09 % par rapport \u00e0 d\u00e9cembre 2021.<\/h2>\n\n\n\n<!--more-->\n\n\n\n<figure class=\"wp-block-image size-full\"><img loading=\"lazy\" decoding=\"async\" width=\"940\" height=\"788\" src=\"https:\/\/i0.wp.com\/blog.startups.ch\/fr\/wp-content\/uploads\/2023\/01\/3.png?resize=940%2C788&#038;ssl=1\" alt=\"\" class=\"wp-image-10933\" data-recalc-dims=\"1\"\/><\/figure>\n\n\n\n<h3 class=\"wp-block-heading\"><strong>L&#8217;Avent 2022 n&#8217;apporte qu&#8217;un enthousiasme limit\u00e9 aux cr\u00e9ateurs d&#8217;entreprise<\/strong><\/h3>\n\n\n\n<p>Le mois de d\u00e9cembre plut\u00f4t ti\u00e8de du point de vue de la temp\u00e9rature a permis de cl\u00f4turer l&#8217;ann\u00e9e sur une note honorable en ce qui concerne les cr\u00e9ations d&#8217;entreprises. Avec 4\u2019897 cr\u00e9ations, les chiffres du mois pr\u00e9c\u00e9dent ont certes \u00e9t\u00e9 d\u00e9pass\u00e9s de plus de 17 %, mais ceux de l&#8217;ann\u00e9e pr\u00e9c\u00e9dente n&#8217;ont pas \u00e9t\u00e9 atteints \u00e0 environ 1 % pr\u00e8s. En dehors de la f\u00eate de No\u00ebl, il n&#8217;y avait donc que peu de raisons de faire la f\u00eate.<\/p>\n\n\n\n<h3 class=\"wp-block-heading\"><strong>Ambiance mitig\u00e9e dans toute la Suisse al\u00e9manique &#8211; \u00e0 quelques exceptions pr\u00e8s<\/strong><\/h3>\n\n\n\n<p>Presque toutes les r\u00e9gions ont enregistr\u00e9 des baisses l\u00e9g\u00e8res \u00e0 fortes par rapport \u00e0 l&#8217;ann\u00e9e pr\u00e9c\u00e9dente. Les cantons de Zurich (-3,83 %), Zoug (-6,25 %), Saint-Gall (-21,99 %) et Berne (-0,71 %), importants pour leurs r\u00e9gions respectives, ont d\u00fb encaisser des coups parfois violents.<\/p>\n\n\n\n<h3 class=\"wp-block-heading\"><strong>B\u00e2le-Campagne &#8211; le messie du nord-ouest de la Suisse<\/strong><\/h3>\n\n\n\n<p>Les habitants de B\u00e2le-Ville doivent actuellement se contenter du r\u00f4le d&#8217;outsider dans le duel des demi-cantons. En effet, ils ont \u00e9t\u00e9 rattrap\u00e9s d\u2019un poil en raison d&#8217;un l\u00e9ger recul de -2,96 % par rapport au mois pr\u00e9c\u00e9dent et d&#8217;un v\u00e9ritable sprint final de leur voisin cantonal (B\u00e2le-Campagne +34,65 %). Avec une hausse de 3,48 % par rapport \u00e0 l&#8217;ann\u00e9e pr\u00e9c\u00e9dente, la Suisse du Nord-Ouest ne parvient pas \u00e0 convaincre totalement, mais elle a bien m\u00e9rit\u00e9 sa f\u00eate du Nouvel An. Avec une croissance de 5,23 %, le canton d&#8217;Argovie a \u00e9galement contribu\u00e9 \u00e0 ce r\u00e9sultat.<\/p>\n\n\n\n<h3 class=\"wp-block-heading\"><strong>Obwald sur la voie de d\u00e9passement<\/strong><\/h3>\n\n\n\n<p>Avec une baisse de 5,04 % par rapport \u00e0 l&#8217;ann\u00e9e pr\u00e9c\u00e9dente, les cantons de Suisse centrale ne peuvent actuellement pas renouer avec leurs succ\u00e8s pr\u00e9c\u00e9dents. Les cantons de Lucerne (-6,56 %) et de Schwyz (-7,53 %), en particulier, n&#8217;ont que partiellement tenu leur r\u00f4le de locomotive de la r\u00e9gion. En revanche, la f\u00eate de No\u00ebl a probablement donn\u00e9 aux Obwaldiens les forces n\u00e9cessaires pour le sprint de fin d&#8217;ann\u00e9e. La croissance de 20,83 % par rapport \u00e0 l&#8217;ann\u00e9e pr\u00e9c\u00e9dente m\u00e9rite d\u00e9j\u00e0 d&#8217;\u00eatre salu\u00e9e. L&#8217;augmentation de 81,25 % par rapport au mois pr\u00e9c\u00e9dent est en revanche magistrale.<\/p>\n\n\n\n<h3 class=\"wp-block-heading\"><strong>La Suisse romande convainc en fin d&#8217;ann\u00e9e<\/strong><\/h3>\n\n\n\n<p>Avec une croissance de 5.49 % par rapport \u00e0 l&#8217;ann\u00e9e pr\u00e9c\u00e9dente, la Suisse romande pose les jalons de l&#8217;ann\u00e9e 2023. Gen\u00e8ve (+8,58 %) et Fribourg (+12,50 %) peuvent tous deux s&#8217;attribuer ce succ\u00e8s. En raison de sa premi\u00e8re entr\u00e9e au Conseil f\u00e9d\u00e9ral, le canton du Jura \u00e9tait probablement occup\u00e9 par d&#8217;autres festivit\u00e9s et donne une image plut\u00f4t triste avec une baisse de 19.44 % \u00e0 la fin de l&#8217;ann\u00e9e.<\/p>\n\n\n\n<p>Se lancer en tant que <a href=\"https:\/\/bit.ly\/3fccZuN\">Mompreneur<\/a> <br>Se lancer en tant que <a href=\"https:\/\/bit.ly\/2UFV71N\">Dadpreneur<\/a> <br>Se lancer en tant <a href=\"https:\/\/bit.ly\/35JYyLi\">Seniorpreneur<\/a> <br>Se lancer en tant que <a href=\"https:\/\/bit.ly\/2UEHhwy\">Youngpreneur<\/a><br><a href=\"https:\/\/www.startups.ch\/fr\/home\" target=\"_blank\" rel=\"noreferrer noopener\">\u00bb STARTUPS.CH<\/a>\u00a0<a href=\"https:\/\/www.startups.ch\/fr\/services\/creation-entreprise\" target=\"_blank\" rel=\"noreferrer noopener\">\u00bb Cr\u00e9er une entreprise<\/a><\/p>\n","protected":false},"excerpt":{"rendered":"<p>En d\u00e9cembre 2022, 4&#8217;897 entreprises ont \u00e9t\u00e9 cr\u00e9\u00e9es en Suisse. Cela correspond \u00e0 une augmentation de 17,55 % par rapport au mois pr\u00e9c\u00e9dent, mais \u00e0 un recul de 1,09 % par rapport \u00e0 d\u00e9cembre 2021.<\/p>\n","protected":false},"author":1,"featured_media":0,"comment_status":"open","ping_status":"open","sticky":false,"template":"","format":"standard","meta":{"content-type":"","jetpack_post_was_ever_published":false,"_jetpack_newsletter_access":"","_jetpack_dont_email_post_to_subs":false,"_jetpack_newsletter_tier_id":0,"footnotes":"","jetpack_publicize_message":"","jetpack_publicize_feature_enabled":false,"jetpack_social_post_already_shared":true,"jetpack_social_options":{"image_generator_settings":{"template":"highway","enabled":false}}},"categories":[228],"tags":[],"jetpack_publicize_connections":[],"aioseo_notices":[],"views":488,"jetpack_featured_media_url":"","jetpack_sharing_enabled":true,"jetpack_shortlink":"https:\/\/wp.me\/p7y0qY-2Qk","_links":{"self":[{"href":"https:\/\/blog.startups.ch\/fr\/wp-json\/wp\/v2\/posts\/10932"}],"collection":[{"href":"https:\/\/blog.startups.ch\/fr\/wp-json\/wp\/v2\/posts"}],"about":[{"href":"https:\/\/blog.startups.ch\/fr\/wp-json\/wp\/v2\/types\/post"}],"author":[{"embeddable":true,"href":"https:\/\/blog.startups.ch\/fr\/wp-json\/wp\/v2\/users\/1"}],"replies":[{"embeddable":true,"href":"https:\/\/blog.startups.ch\/fr\/wp-json\/wp\/v2\/comments?post=10932"}],"version-history":[{"count":1,"href":"https:\/\/blog.startups.ch\/fr\/wp-json\/wp\/v2\/posts\/10932\/revisions"}],"predecessor-version":[{"id":10934,"href":"https:\/\/blog.startups.ch\/fr\/wp-json\/wp\/v2\/posts\/10932\/revisions\/10934"}],"wp:attachment":[{"href":"https:\/\/blog.startups.ch\/fr\/wp-json\/wp\/v2\/media?parent=10932"}],"wp:term":[{"taxonomy":"category","embeddable":true,"href":"https:\/\/blog.startups.ch\/fr\/wp-json\/wp\/v2\/categories?post=10932"},{"taxonomy":"post_tag","embeddable":true,"href":"https:\/\/blog.startups.ch\/fr\/wp-json\/wp\/v2\/tags?post=10932"}],"curies":[{"name":"wp","href":"https:\/\/api.w.org\/{rel}","templated":true}]}}