{"id":10804,"date":"2022-09-28T12:54:18","date_gmt":"2022-09-28T10:54:18","guid":{"rendered":"https:\/\/blog.startups.ch\/fr\/?p=10804"},"modified":"2024-09-24T10:32:30","modified_gmt":"2024-09-24T08:32:30","slug":"un-apercu-juridique-sur-la-raison-individuelle","status":"publish","type":"post","link":"https:\/\/blog.startups.ch\/fr\/2022\/09\/28\/un-apercu-juridique-sur-la-raison-individuelle\/","title":{"rendered":"Un aper\u00e7u juridique sur la raison individuelle"},"content":{"rendered":"\n<h2 class=\"wp-block-heading\">La raison individuelle, ou l\u2019entreprise individuelle, est la forme juridique la plus populaire aupr\u00e8s des cr\u00e9ateurs d\u2019entreprise en Suisse. Dans cette forme juridique, une seule personne g\u00e8re l\u2019entreprise et aucune soci\u00e9t\u00e9 de capitaux (SA OU S\u00e0rl) n&#8217;est cr\u00e9\u00e9e. En effet, la personne met \u00e0 disposition un capital pour son activit\u00e9 commerciale, repr\u00e9sente son entreprise \u00e0 l&#8217;ext\u00e9rieur et assume seule le risque entrepreneurial.<\/h2>\n\n\n\n<!--more-->\n\n\n\n<figure class=\"wp-block-image size-full\"><img loading=\"lazy\" decoding=\"async\" width=\"674\" height=\"449\" src=\"https:\/\/i0.wp.com\/blog.startups.ch\/fr\/wp-content\/uploads\/2022\/09\/Bildschirmfoto-2022-09-28-um-11.51.43.png?resize=674%2C449&#038;ssl=1\" alt=\"Un aper\u00e7u juridique sur la raison individuelle\" class=\"wp-image-10805\" data-recalc-dims=\"1\"\/><\/figure>\n\n\n\n<h3 class=\"wp-block-heading\"><strong>Dispositions juridiques relatives \u00e0 la raison individuelle<\/strong><\/h3>\n\n\n\n<p>Contrairement au droit de la soci\u00e9t\u00e9 anonyme pour la SA, il n&#8217;existe pas de \u00ab&nbsp;droit de la raison individuelle&nbsp;\u00bb. Les dispositions qui s\u2019appliquent sont les m\u00eames que pour les personnes individuelles gagnant un revenu d\u2019une autre mani\u00e8re. D\u00e8s lors, le propri\u00e9taire est relativement libre dans l&#8217;organisation de son entreprise. Dans le cadre de ses activit\u00e9s commerciales, il doit n\u00e9anmoins respecter diverses dispositions dans diff\u00e9rents domaines. <\/p>\n\n\n\n<h3 class=\"wp-block-heading\">1. <strong>Cr\u00e9ation<\/strong><\/h3>\n\n\n\n<p>Il n\u2019existe pas de dispositions l\u00e9gales contraignantes concernant l\u2019apport en capital minimum ou encore de document formel pour cr\u00e9er une raison individuelle. On dit souvent que la soci\u00e9t\u00e9 nait avec le d\u00e9but de l\u2019activit\u00e9 commerciale ind\u00e9pendante. On consid\u00e8re que l\u2019activit\u00e9 commerciale a commenc\u00e9 lorsque le service ou le produit est propos\u00e9 et qu\u2019une contrepartie mon\u00e9taire est re\u00e7ue. Apr\u00e8s cela, seule une inscription aupr\u00e8s de la caisse de compensation comp\u00e9tente est requise ; cette inscription a toutefois lieu en principe \u00e0 une date ult\u00e9rieure.<\/p>\n\n\n\n<p>Les frais de cr\u00e9ation d&#8217;une entreprise individuelle sont donc peu \u00e9lev\u00e9s (<a href=\"https:\/\/www.raisonindividuelle.ch\/\" target=\"_blank\" rel=\"noreferrer noopener\">\u00e0 partir de CHF 139.- environ chez STARTUPS.CH<\/a>).<\/p>\n\n\n\n<h3 class=\"wp-block-heading\">2. <strong>Responsabilit\u00e9<\/strong><\/h3>\n\n\n\n<p>La personne propri\u00e9taire r\u00e9pond personnellement avec sa fortune priv\u00e9e des obligations de l\u2019entreprise. Cela signifie qu&#8217;il doit r\u00e9pondre de toutes les dettes de son entreprise individuelle. M\u00eame une s\u00e9paration claire dans la comptabilit\u00e9 entre l&#8217;entreprise et le priv\u00e9 ne change rien \u00e0 ce fait. Si la personne propri\u00e9taire est mari\u00e9e, il se peut que la personne conjointe soit aussi coresponsable des dettes de l\u2019entreprise individuelle. <\/p>\n\n\n\n<h3 class=\"wp-block-heading\">3. <strong>Registre du commerce<\/strong><\/h3>\n\n\n\n<p>Si une entreprise individuelle r\u00e9alise un chiffre d&#8217;affaires annuel brut de CHF 100&#8217;000 ou plus, elle doit \u00eatre inscrite au registre du commerce. Tant que le chiffre d&#8217;affaires est inf\u00e9rieur \u00e0 cette limite, l&#8217;inscription est facultative.<\/p>\n\n\n\n<h3 class=\"wp-block-heading\">4. <strong>Nom de l&#8217;entreprise<\/strong><\/h3>\n\n\n\n<p>Au plus tard lors de l&#8217;inscription au registre du commerce, il faut \u00e9galement se pencher sur la question du <a href=\"https:\/\/blog.startups.ch\/fr\/2022\/09\/08\/choisir-un-nom-pour-sa-raison-individuelle\/\" target=\"_blank\" rel=\"noreferrer noopener\">nom de la raison individuelle<\/a>. <\/p>\n\n\n\n<h3 class=\"wp-block-heading\">5. <strong>Comptabilit\u00e9<\/strong><\/h3>\n\n\n\n<p>Aussit\u00f4t que le chiffre d\u2019affaires annuel brut d\u00e9passe CHF 500&#8217;000, la soci\u00e9t\u00e9 est soumise \u00e0 la comptabilit\u00e9 conform\u00e9ment aux r\u00e8gles des<a href=\"https:\/\/www.fedlex.admin.ch\/eli\/cc\/27\/317_321_377\/fr#art_957\" target=\"_blank\" rel=\"noreferrer noopener\"> articles 957 et suivants du Code des obligations<\/a>. Par cons\u00e9quent, elle doit tenir une <a href=\"https:\/\/blog.startups.ch\/fr\/2022\/05\/19\/quest-ce-que-la-comptabilite-en-partie-double\/\" target=\"_blank\" rel=\"noreferrer noopener\">comptabilit\u00e9 en partie double<\/a> avec bilan, inventaire et compte de r\u00e9sultat.<\/p>\n\n\n\n<p>Pour les entreprises individuelles dont le chiffre d&#8217;affaires annuel est inf\u00e9rieur \u00e0 CHF 500&#8217;000, une comptabilit\u00e9 simplifi\u00e9e pr\u00e9sentant les recettes, les d\u00e9penses et le patrimoine doit tout de m\u00eame \u00eatre tenue.<\/p>\n\n\n\n<p>De plus, le droit fiscal (imp\u00f4ts ordinaires et\/ou TVA) impose des obligations d&#8217;enregistrement et de conservation. Pour la d\u00e9claration d&#8217;imp\u00f4ts, les autorit\u00e9s fiscales exigent une certaine tra\u00e7abilit\u00e9 des chiffres de l&#8217;entreprise. Il est donc important, dans tous les cas, de tenir au moins une comptabilit\u00e9 simplifi\u00e9e. <\/p>\n\n\n\n<h3 class=\"wp-block-heading\">6. <strong>R\u00e9vision<\/strong><\/h3>\n\n\n\n<p>La raison individuelle n\u2019a pas d\u2019organes et n&#8217;est donc pas soumis \u00e0 l&#8217;obligation de r\u00e9vision \u2013 elle peut toutefois faire appel \u00e0 un fiduciaire ou \u00e0 un organe de r\u00e9vision si elle le souhaite.<\/p>\n\n\n\n<h3 class=\"wp-block-heading\">7. <strong>Transformation<\/strong><\/h3>\n\n\n\n<p>Une entreprise individuelle peut \u00eatre transform\u00e9e ult\u00e9rieurement \u00e0 tout moment en SA ou en S\u00e0rl. <br><\/p>\n\n\n\n<h3 class=\"wp-block-heading\">Cr\u00e9ez votre entreprise en ligne avec STARTUPS.CH !<\/h3>\n\n\n\n<p>Vous avez une id\u00e9e d&#8217;entreprise innovante que vous souhaitez mettre en \u0153uvre ? Les experts de STARTUPS.CH sont \u00e0 votre disposition et vous accompagneront dans votre ind\u00e9pendance professionnelle.<\/p>\n\n\n\n<p>Obtenez d\u00e8s maintenant une <a href=\"https:\/\/www.startups.ch\/fr\/creation-entreprise\" title=\"offre sans engagement\">offre sans engagement<\/a> pour la cr\u00e9ation de votre entreprise !<\/p>\n\n\n\n<p>D\u00e9couvrez <a href=\"https:\/\/www.startups.ch\/fr\/prix\" title=\"Notre offre\">Notre offre<\/a><\/p>\n\n\n\n<p><a href=\"https:\/\/www.youtube.com\/user\/STARTUPSTV\" target=\"_blank\" rel=\"noopener\" title=\"StartupsTV\">D\u00e9couvrez des informations int\u00e9ressantes sur<\/a> <a href=\"https:\/\/www.youtube.com\/user\/STARTUPSTV\" target=\"_blank\" rel=\"noopener\" title=\"StartupsTV\">StartupsTV<\/a><\/p>\n\n\n\n<p><a class=\"postButton\" href=\"https:\/\/www.startups.ch\/fr\/services\/creation-entreprise\" target=\"_blank\" rel=\"noopener noreferrer\">\u00bb Se lancer, cr\u00e9er son entreprise<\/a>&nbsp;<a class=\"postButton\" href=\"https:\/\/startups.ch\/fr\/preparer\/business-plan\/qui-besoin\/\" target=\"_blank\" rel=\"noopener noreferrer\">\u00bb R\u00e9diger son Business plan<\/a><\/p>\n","protected":false},"excerpt":{"rendered":"<p>La raison individuelle, ou l\u2019entreprise individuelle, est la forme juridique la plus populaire aupr\u00e8s des cr\u00e9ateurs d\u2019entreprise en Suisse. Dans cette forme juridique, une seule personne g\u00e8re l\u2019entreprise et aucune soci\u00e9t\u00e9 de capitaux (SA OU S\u00e0rl) n&#8217;est cr\u00e9\u00e9e. En effet, la personne met \u00e0 disposition un capital pour son activit\u00e9 commerciale, repr\u00e9sente son entreprise \u00e0 [&hellip;]<\/p>\n","protected":false},"author":1,"featured_media":0,"comment_status":"open","ping_status":"open","sticky":false,"template":"","format":"standard","meta":{"content-type":"","jetpack_post_was_ever_published":false,"_jetpack_newsletter_access":"","_jetpack_dont_email_post_to_subs":false,"_jetpack_newsletter_tier_id":0,"footnotes":"","jetpack_publicize_message":"","jetpack_publicize_feature_enabled":false,"jetpack_social_post_already_shared":true,"jetpack_social_options":{"image_generator_settings":{"template":"highway","enabled":false}}},"categories":[1],"tags":[],"jetpack_publicize_connections":[],"aioseo_notices":[],"views":489,"jetpack_featured_media_url":"","jetpack_sharing_enabled":true,"jetpack_shortlink":"https:\/\/wp.me\/p7y0qY-2Og","_links":{"self":[{"href":"https:\/\/blog.startups.ch\/fr\/wp-json\/wp\/v2\/posts\/10804"}],"collection":[{"href":"https:\/\/blog.startups.ch\/fr\/wp-json\/wp\/v2\/posts"}],"about":[{"href":"https:\/\/blog.startups.ch\/fr\/wp-json\/wp\/v2\/types\/post"}],"author":[{"embeddable":true,"href":"https:\/\/blog.startups.ch\/fr\/wp-json\/wp\/v2\/users\/1"}],"replies":[{"embeddable":true,"href":"https:\/\/blog.startups.ch\/fr\/wp-json\/wp\/v2\/comments?post=10804"}],"version-history":[{"count":2,"href":"https:\/\/blog.startups.ch\/fr\/wp-json\/wp\/v2\/posts\/10804\/revisions"}],"predecessor-version":[{"id":11533,"href":"https:\/\/blog.startups.ch\/fr\/wp-json\/wp\/v2\/posts\/10804\/revisions\/11533"}],"wp:attachment":[{"href":"https:\/\/blog.startups.ch\/fr\/wp-json\/wp\/v2\/media?parent=10804"}],"wp:term":[{"taxonomy":"category","embeddable":true,"href":"https:\/\/blog.startups.ch\/fr\/wp-json\/wp\/v2\/categories?post=10804"},{"taxonomy":"post_tag","embeddable":true,"href":"https:\/\/blog.startups.ch\/fr\/wp-json\/wp\/v2\/tags?post=10804"}],"curies":[{"name":"wp","href":"https:\/\/api.w.org\/{rel}","templated":true}]}}