{"id":10782,"date":"2022-09-08T16:15:41","date_gmt":"2022-09-08T14:15:41","guid":{"rendered":"https:\/\/blog.startups.ch\/fr\/?p=10782"},"modified":"2022-09-08T16:19:55","modified_gmt":"2022-09-08T14:19:55","slug":"choisir-un-nom-pour-sa-raison-individuelle","status":"publish","type":"post","link":"https:\/\/blog.startups.ch\/fr\/2022\/09\/08\/choisir-un-nom-pour-sa-raison-individuelle\/","title":{"rendered":"Choisir un nom pour sa raison individuelle"},"content":{"rendered":"\n<h2 class=\"wp-block-heading\">Le propri\u00e9taire d&#8217;une entreprise individuelle porte deux noms. D&#8217;une part, le nom de son entreprise (raison sociale) pour les relations commerciales et, d&#8217;autre part, son nom civil pour les relations juridiques normales (pr\u00e9nom et nom de famille). Pour choisir la raison sociale, il faut tenir compte de certaines conditions.<\/h2>\n\n\n\n<!--more-->\n\n\n\n<figure class=\"wp-block-image size-large\"><img loading=\"lazy\" decoding=\"async\" width=\"1200\" height=\"801\" src=\"https:\/\/i0.wp.com\/blog.startups.ch\/fr\/wp-content\/uploads\/2022\/09\/multicultural-young-businesspeople-discussing-new-2022-03-31-23-10-49-utc.jpg?resize=1200%2C801&#038;ssl=1\" alt=\"\" class=\"wp-image-10783\" srcset=\"https:\/\/i0.wp.com\/blog.startups.ch\/fr\/wp-content\/uploads\/2022\/09\/multicultural-young-businesspeople-discussing-new-2022-03-31-23-10-49-utc-scaled.jpg?resize=1200%2C801&amp;ssl=1 1200w, https:\/\/i0.wp.com\/blog.startups.ch\/fr\/wp-content\/uploads\/2022\/09\/multicultural-young-businesspeople-discussing-new-2022-03-31-23-10-49-utc-scaled.jpg?resize=1536%2C1025&amp;ssl=1 1536w, https:\/\/i0.wp.com\/blog.startups.ch\/fr\/wp-content\/uploads\/2022\/09\/multicultural-young-businesspeople-discussing-new-2022-03-31-23-10-49-utc-scaled.jpg?resize=2048%2C1367&amp;ssl=1 2048w\" sizes=\"(max-width: 1000px) 100vw, 1000px\" data-recalc-dims=\"1\" \/><figcaption>multicultural young businesspeople discussing new business idea in office<\/figcaption><\/figure>\n\n\n\n<h3 class=\"wp-block-heading\"><strong>Crit\u00e8res g\u00e9n\u00e9raux pour les raisons sociales<\/strong><\/h3>\n\n\n\n<p>Une raison sociale, peu importe pour quelle forme juridique, doit toujours \u00eatre conforme au principe de v\u00e9rit\u00e9 et ne doit pas induire en erreur. Cela signifie que le nom de l\u2019entreprise ne doit pas \u00eatre trompeur en ce qui concerne le domaine d&#8217;activit\u00e9 du commerce. Par cons\u00e9quent, un commerce ne pourrait pas s\u2019appeler \u00ab&nbsp;Boulangerie M\u00fcller&nbsp;\u00bb si l\u2019activit\u00e9 exerc\u00e9e est la peinture en b\u00e2timent. Il en va de m\u00eame pour la d\u00e9signation g\u00e9ographique&nbsp;: un commerce ayant son si\u00e8ge \u00e0 Gen\u00e8ve ne pourrait s\u2019appeler \u00ab&nbsp;Boulangerie M\u00fcller Sion&nbsp;\u00bb.<\/p>\n\n\n\n<p>Il existe en outre certains noms et sigles bloqu\u00e9s qui ne peuvent pas \u00eatre utilis\u00e9s dans le nom de l&#8217;entreprise ainsi que des r\u00e8gles concernant l&#8217;orthographe du nom de l&#8217;entreprise, qui ne sont toutefois pas abord\u00e9es de mani\u00e8re sp\u00e9cifique dans cet article.<\/p>\n\n\n\n<h3 class=\"wp-block-heading\"><strong>Le nom de la raison individuelle doit contenir le nom de famille<\/strong><\/h3>\n\n\n\n<p>En ce qui concerne <a href=\"https:\/\/blog.startups.ch\/fr\/2022\/08\/18\/creation-d-une-raison-individuelle-en-suisse\/\" target=\"_blank\" rel=\"noreferrer noopener\">la raison individuelle<\/a>, le nom de famille du ou de la propri\u00e9taire doit obligatoirement faire partie de la raison sociale. Il est donc possible de choisir un terme de fantaisie ou un terme g\u00e9n\u00e9rique et d\u2019y ajouter le nom de famille. Il est toutefois aussi suffisant de choisir uniquement le nom de famille. \u00c9tant donn\u00e9 que, dans ce cas-l\u00e0, le nom civil et la raison sociale sont les m\u00eames, il peut \u00eatre recommand\u00e9 d\u2019ajouter une d\u00e9signation afin que les clients puissent se faire une id\u00e9e de l\u2019activit\u00e9 exerc\u00e9e.<\/p>\n\n\n\n<h4 class=\"wp-block-heading\"><strong>Exemple :<\/strong><\/h4>\n\n\n\n<p>Peter M\u00fcller g\u00e8re sa boulangerie en tant que soci\u00e9t\u00e9 individuelle. Les noms d&#8217;entreprise possibles sont par exemple :<\/p>\n\n\n\n<ul><li>M\u00fcller <\/li><li>Peter M\u00fcller<\/li><li>Boulangerie M\u00fcller<\/li><li>Boulangerie Peter M\u00fcller<\/li><li>Boulangerie P. M\u00fcller<\/li><li>P. M\u00fcller<\/li><\/ul>\n\n\n\n<h3 class=\"wp-block-heading\"><strong>Protection du nom par l&#8217;inscription au registre du commerce<\/strong><\/h3>\n\n\n\n<p>A partir du moment o\u00f9 votre entreprise individuelle est inscrite au registre du commerce, sa raison sociale est prot\u00e9g\u00e9e. Apr\u00e8s cette date, un tiers ne peut pas utiliser au m\u00eame endroit (voir ci-dessous) le m\u00eame nom ou un nom tr\u00e8s similaire pour son entreprise. Le nom de l&#8217;entreprise est consid\u00e9r\u00e9 comme trop similaire s&#8217;il existe un risque r\u00e9el de confusion dans les relations commerciales habituelles.<\/p>\n\n\n\n<p>Par lieu, on entend le si\u00e8ge de l&#8217;entreprise dans la commune concern\u00e9e (par exemple, la ville de Gen\u00e8ve), en tenant compte de la zone \u00e9conomique qui en fait directement partie (l&#8217;agglom\u00e9ration de Gen\u00e8ve).<\/p>\n\n\n\n<p>Dans la mesure o\u00f9 vous cr\u00e9ez votre entreprise individuelle avec STARTUPS.CH, nous v\u00e9rifions pour vous le nom de l&#8217;entreprise et vous conseillons volontiers \u00e0 ce sujet.<\/p>\n\n\n\n<p>Se lancer en tant que <a href=\"https:\/\/bit.ly\/3fccZuN\">Mompreneur<\/a> <br>Se lancer en tant que <a href=\"https:\/\/bit.ly\/2UFV71N\">Dadpreneur<\/a> <br>Se lancer en tant <a href=\"https:\/\/bit.ly\/35JYyLi\">Seniorpreneur<\/a> <br>Se lancer en tant que <a href=\"https:\/\/bit.ly\/2UEHhwy\">Youngpreneur<\/a><br><a href=\"https:\/\/www.startups.ch\/fr\/home\" target=\"_blank\" rel=\"noreferrer noopener\">\u00bb STARTUPS.CH<\/a>&nbsp;<a href=\"https:\/\/www.startups.ch\/fr\/services\/creation-entreprise\" target=\"_blank\" rel=\"noreferrer noopener\">\u00bb Cr\u00e9er une entreprise<\/a><\/p>\n","protected":false},"excerpt":{"rendered":"<p>Le propri\u00e9taire d&#8217;une entreprise individuelle porte deux noms. D&#8217;une part, le nom de son entreprise (raison sociale) pour les relations commerciales et, d&#8217;autre part, son nom civil pour les relations juridiques normales (pr\u00e9nom et nom de famille). Pour choisir la raison sociale, il faut tenir compte de certaines conditions.<\/p>\n","protected":false},"author":1,"featured_media":0,"comment_status":"open","ping_status":"open","sticky":false,"template":"","format":"standard","meta":{"content-type":"","jetpack_post_was_ever_published":false,"_jetpack_newsletter_access":"","_jetpack_dont_email_post_to_subs":false,"_jetpack_newsletter_tier_id":0,"footnotes":"","jetpack_publicize_message":"","jetpack_publicize_feature_enabled":false,"jetpack_social_post_already_shared":true,"jetpack_social_options":{"image_generator_settings":{"template":"highway","enabled":false}}},"categories":[1,9,5],"tags":[],"jetpack_publicize_connections":[],"aioseo_notices":[],"views":2105,"jetpack_featured_media_url":"","jetpack_sharing_enabled":true,"jetpack_shortlink":"https:\/\/wp.me\/p7y0qY-2NU","_links":{"self":[{"href":"https:\/\/blog.startups.ch\/fr\/wp-json\/wp\/v2\/posts\/10782"}],"collection":[{"href":"https:\/\/blog.startups.ch\/fr\/wp-json\/wp\/v2\/posts"}],"about":[{"href":"https:\/\/blog.startups.ch\/fr\/wp-json\/wp\/v2\/types\/post"}],"author":[{"embeddable":true,"href":"https:\/\/blog.startups.ch\/fr\/wp-json\/wp\/v2\/users\/1"}],"replies":[{"embeddable":true,"href":"https:\/\/blog.startups.ch\/fr\/wp-json\/wp\/v2\/comments?post=10782"}],"version-history":[{"count":3,"href":"https:\/\/blog.startups.ch\/fr\/wp-json\/wp\/v2\/posts\/10782\/revisions"}],"predecessor-version":[{"id":10786,"href":"https:\/\/blog.startups.ch\/fr\/wp-json\/wp\/v2\/posts\/10782\/revisions\/10786"}],"wp:attachment":[{"href":"https:\/\/blog.startups.ch\/fr\/wp-json\/wp\/v2\/media?parent=10782"}],"wp:term":[{"taxonomy":"category","embeddable":true,"href":"https:\/\/blog.startups.ch\/fr\/wp-json\/wp\/v2\/categories?post=10782"},{"taxonomy":"post_tag","embeddable":true,"href":"https:\/\/blog.startups.ch\/fr\/wp-json\/wp\/v2\/tags?post=10782"}],"curies":[{"name":"wp","href":"https:\/\/api.w.org\/{rel}","templated":true}]}}