{"id":10768,"date":"2022-08-17T09:12:54","date_gmt":"2022-08-17T07:12:54","guid":{"rendered":"https:\/\/blog.startups.ch\/fr\/?p=10768"},"modified":"2022-08-17T09:12:58","modified_gmt":"2022-08-17T07:12:58","slug":"rapport-sur-les-creations-d-entreprises-pour-le-mois-de-juillet-2022","status":"publish","type":"post","link":"https:\/\/blog.startups.ch\/fr\/2022\/08\/17\/rapport-sur-les-creations-d-entreprises-pour-le-mois-de-juillet-2022\/","title":{"rendered":"Rapport sur les cr\u00e9ations d&#8217;entreprises pour le mois de juillet 2022: un mois d&#8217;\u00e9t\u00e9 calme"},"content":{"rendered":"\n<h2 class=\"wp-block-heading\">En juillet 2022, 4&#8217;038 nouvelles entreprises ont \u00e9t\u00e9 cr\u00e9\u00e9es en Suisse. Cela repr\u00e9sente environ 10% de moins que le mois pr\u00e9c\u00e9dent et environ 9% de moins qu&#8217;en juillet 2021. <\/h2>\n\n\n\n<!--more-->\n\n\n\n<figure class=\"wp-block-image size-full\"><img loading=\"lazy\" decoding=\"async\" width=\"940\" height=\"788\" src=\"https:\/\/i0.wp.com\/blog.startups.ch\/fr\/wp-content\/uploads\/2022\/08\/3.png?resize=940%2C788&#038;ssl=1\" alt=\"\" class=\"wp-image-10769\" data-recalc-dims=\"1\"\/><\/figure>\n\n\n\n<h3 class=\"wp-block-heading\"><strong>Stagnation en juillet 2022<\/strong><\/h3>\n\n\n\n<p>Dans presque toutes les r\u00e9gions de Suisse, les cr\u00e9ations d&#8217;entreprises ont diminu\u00e9 aussi bien par rapport \u00e0 l&#8217;ann\u00e9e pr\u00e9c\u00e9dente que par rapport au mois pr\u00e9c\u00e9dent.<\/p>\n\n\n\n<p>Par rapport au mois pr\u00e9c\u00e9dent, les chiffres ont le plus baiss\u00e9 dans les r\u00e9gions du Tessin (-21,23%) et de la Suisse du Nord-Ouest (-17,40%). En Suisse centrale, le nombre de cr\u00e9ations d&#8217;entreprises a diminu\u00e9 de 16,85%. Le canton de Schwyz affiche la baisse la plus marquante avec -29,23% de cr\u00e9ations en moins. En Suisse orientale, le nombre de cr\u00e9ations a baiss\u00e9 de 10,11% et en Suisse romande, la baisse est minime (-5,92%).&nbsp; Seule la r\u00e9gion de Zurich a connu une l\u00e9g\u00e8re hausse, de 1,91%.<\/p>\n\n\n\n<h3 class=\"wp-block-heading\"><strong>Un mois de juillet 2021 fort<\/strong><\/h3>\n\n\n\n<p>Par rapport au mois de juillet de l&#8217;ann\u00e9e pr\u00e9c\u00e9dente, le nombre de cr\u00e9ations d&#8217;entreprises a \u00e9galement baiss\u00e9 dans toutes les r\u00e9gions, sauf dans celle de Zurich. Dans cette derni\u00e8re, les chiffres ont l\u00e9g\u00e8rement augment\u00e9 (1,78%).<\/p>\n\n\n\n<p>C&#8217;est dans la r\u00e9gion de Suisse centrale que les cr\u00e9ations ont le plus diminu\u00e9 (-20,06%). Le canton de Schwyz se distingue \u00e0 nouveau, puisque les chiffres y ont baiss\u00e9 de pr\u00e8s de 40%.<\/p>\n\n\n\n<p>Les r\u00e9gions de Suisse orientale (-12,89%) et du Tessin (-12,57%) ont \u00e9galement enregistr\u00e9 un recul par rapport \u00e0 l&#8217;ann\u00e9e pr\u00e9c\u00e9dente. Les r\u00e9gions qui ont le moins baiss\u00e9 sont la Suisse du Nord-Ouest (-5,49%) et la Suisse romande (-9,96%).<\/p>\n","protected":false},"excerpt":{"rendered":"<p>En juillet 2022, 4&#8217;038 nouvelles entreprises ont \u00e9t\u00e9 cr\u00e9\u00e9es en Suisse. Cela repr\u00e9sente environ 10% de moins que le mois pr\u00e9c\u00e9dent et environ 9% de moins qu&#8217;en juillet 2021.<\/p>\n","protected":false},"author":1,"featured_media":0,"comment_status":"open","ping_status":"open","sticky":false,"template":"","format":"standard","meta":{"content-type":"","jetpack_post_was_ever_published":false,"_jetpack_newsletter_access":"","_jetpack_dont_email_post_to_subs":false,"_jetpack_newsletter_tier_id":0,"footnotes":"","jetpack_publicize_message":"","jetpack_publicize_feature_enabled":false,"jetpack_social_post_already_shared":true,"jetpack_social_options":{"image_generator_settings":{"template":"highway","enabled":false}}},"categories":[228],"tags":[],"jetpack_publicize_connections":[],"aioseo_notices":[],"views":277,"jetpack_featured_media_url":"","jetpack_sharing_enabled":true,"jetpack_shortlink":"https:\/\/wp.me\/p7y0qY-2NG","_links":{"self":[{"href":"https:\/\/blog.startups.ch\/fr\/wp-json\/wp\/v2\/posts\/10768"}],"collection":[{"href":"https:\/\/blog.startups.ch\/fr\/wp-json\/wp\/v2\/posts"}],"about":[{"href":"https:\/\/blog.startups.ch\/fr\/wp-json\/wp\/v2\/types\/post"}],"author":[{"embeddable":true,"href":"https:\/\/blog.startups.ch\/fr\/wp-json\/wp\/v2\/users\/1"}],"replies":[{"embeddable":true,"href":"https:\/\/blog.startups.ch\/fr\/wp-json\/wp\/v2\/comments?post=10768"}],"version-history":[{"count":1,"href":"https:\/\/blog.startups.ch\/fr\/wp-json\/wp\/v2\/posts\/10768\/revisions"}],"predecessor-version":[{"id":10770,"href":"https:\/\/blog.startups.ch\/fr\/wp-json\/wp\/v2\/posts\/10768\/revisions\/10770"}],"wp:attachment":[{"href":"https:\/\/blog.startups.ch\/fr\/wp-json\/wp\/v2\/media?parent=10768"}],"wp:term":[{"taxonomy":"category","embeddable":true,"href":"https:\/\/blog.startups.ch\/fr\/wp-json\/wp\/v2\/categories?post=10768"},{"taxonomy":"post_tag","embeddable":true,"href":"https:\/\/blog.startups.ch\/fr\/wp-json\/wp\/v2\/tags?post=10768"}],"curies":[{"name":"wp","href":"https:\/\/api.w.org\/{rel}","templated":true}]}}