{"id":10756,"date":"2022-08-18T07:30:00","date_gmt":"2022-08-18T05:30:00","guid":{"rendered":"https:\/\/blog.startups.ch\/fr\/?p=10756"},"modified":"2024-09-24T10:37:26","modified_gmt":"2024-09-24T08:37:26","slug":"creation-d-une-raison-individuelle-en-suisse","status":"publish","type":"post","link":"https:\/\/blog.startups.ch\/fr\/2022\/08\/18\/creation-d-une-raison-individuelle-en-suisse\/","title":{"rendered":"Guide Complet pour Cr\u00e9er une Raison Individuelle en Suisse"},"content":{"rendered":"\n<h2 class=\"wp-block-heading\">L&#8217;inscription d&#8217;une raison individuelle au registre du commerce repr\u00e9sente souvent le d\u00e9but d&#8217;une activit\u00e9 ind\u00e9pendante. Dans cet article de blog, nous vous pr\u00e9sentons quelques points auxquels vous devez faire attention lors de la cr\u00e9ation d&#8217;une raison individuelle.<\/h2>\n\n\n\n<!--more-->\n\n\n\n<figure class=\"wp-block-image size-large\"><img loading=\"lazy\" decoding=\"async\" width=\"1200\" height=\"725\" src=\"https:\/\/i0.wp.com\/blog.startups.ch\/fr\/wp-content\/uploads\/2022\/08\/kristin-wilson-z3htkdHUh5w-unsplash.jpg?resize=1200%2C725&#038;ssl=1\" alt=\"Cr\u00e9er une raison individuelle en Suisse\n\" class=\"wp-image-10757\" srcset=\"https:\/\/i0.wp.com\/blog.startups.ch\/fr\/wp-content\/uploads\/2022\/08\/kristin-wilson-z3htkdHUh5w-unsplash-scaled.jpg?resize=1200%2C725&amp;ssl=1 1200w, https:\/\/i0.wp.com\/blog.startups.ch\/fr\/wp-content\/uploads\/2022\/08\/kristin-wilson-z3htkdHUh5w-unsplash-scaled.jpg?resize=1536%2C928&amp;ssl=1 1536w, https:\/\/i0.wp.com\/blog.startups.ch\/fr\/wp-content\/uploads\/2022\/08\/kristin-wilson-z3htkdHUh5w-unsplash-scaled.jpg?resize=2048%2C1237&amp;ssl=1 2048w\" sizes=\"(max-width: 1000px) 100vw, 1000px\" data-recalc-dims=\"1\" \/><\/figure>\n\n\n\n<h3 class=\"wp-block-heading\"><strong>Cr\u00e9er une raison individuelle<\/strong><\/h3>\n\n\n\n<p>La raison individuelle, \u00e9galement appel\u00e9e entreprise individuelle, est particuli\u00e8rement adapt\u00e9e aux activit\u00e9s qui pr\u00e9sentent peu de risques et pour lesquelles il n&#8217;est pas encore possible d&#8217;estimer au d\u00e9but si l&#8217;activit\u00e9 pr\u00e9vue g\u00e9n\u00e9rera un chiffre d&#8217;affaires important. Une entreprise individuelle ne peut \u00eatre fond\u00e9e ou inscrite au registre du commerce que par une seule personne. Si plusieurs personnes ont l&#8217;intention d&#8217;exploiter une entreprise ensemble, il convient de choisir une autre forme juridique.<\/p>\n\n\n\n<h3 class=\"wp-block-heading\"><strong>Cr\u00e9ation<\/strong><\/h3>\n\n\n\n<p>L&#8217;entreprise individuelle est cr\u00e9\u00e9e avec le d\u00e9but de l&#8217;activit\u00e9 commerciale. Aucun acte de fondation sp\u00e9cifique, comme par exemple un acte notari\u00e9 ou des statuts, n&#8217;est requis. D\u00e8s que des actes commerciaux sont entrepris, l&#8217;entreprise individuelle est cr\u00e9\u00e9e. A partir d&#8217;un chiffre d&#8217;affaires de CHF 100&#8217;000, une entreprise individuelle doit obligatoirement \u00eatre inscrite au registre du commerce. Si le chiffre d&#8217;affaires est inf\u00e9rieur, l&#8217;inscription est toutefois possible et souvent recommand\u00e9e sur une base volontaire.<\/p>\n\n\n\n<h3 class=\"wp-block-heading\"><strong>Responsabilit\u00e9<\/strong><\/h3>\n\n\n\n<p>Comme l&#8217;entreprise individuelle est une soci\u00e9t\u00e9 de personnes et non une soci\u00e9t\u00e9 de capitaux, son propri\u00e9taire est responsable de mani\u00e8re illimit\u00e9e et sur l&#8217;ensemble de son patrimoine. Il n&#8217;est pas possible de s\u00e9parer le patrimoine de l&#8217;entreprise individuelle de son patrimoine priv\u00e9. La raison individuelle n&#8217;est pas une personne juridique distincte, raison pour laquelle le patrimoine de la raison individuelle est toujours aussi le patrimoine de la personne priv\u00e9e. M\u00eame la tenue d&#8217;une comptabilit\u00e9 s\u00e9par\u00e9e pour la raison individuelle ne peut pas changer cette situation. Si des cr\u00e9anciers font valoir des cr\u00e9ances \u00e0 l&#8217;encontre de la raison individuelle, le propri\u00e9taire de la raison individuelle est enti\u00e8rement responsable sur l&#8217;ensemble de sa fortune priv\u00e9e.<\/p>\n\n\n\n<h3 class=\"wp-block-heading\"><strong>Nom de la raison individuelle<\/strong><\/h3>\n\n\n\n<p>Le fondateur est limit\u00e9 dans le choix du nom de l&#8217;entreprise. En effet, le nom de famille du propri\u00e9taire doit figurer dans le nom de l&#8217;entreprise. En plus du nom de famille, il est possible d&#8217;ajouter des d\u00e9signations mat\u00e9rielles ou de fantaisie.<\/p>\n\n\n\n<p>Exemple&nbsp;: Jean M\u00fcller fonde une entreprise de peinture. Une raison sociale possible serait alors : &#8220;Jean M\u00fcller, entreprise de peinture&#8221;.<\/p>\n\n\n\n<h3 class=\"wp-block-heading\"><strong>Avantages et inconv\u00e9nients<\/strong><\/h3>\n\n\n\n<p>Parmi les avantages de la raison individuelle, on peut citer le fait qu&#8217;aucun capital minimum n&#8217;est n\u00e9cessaire et qu&#8217;il n&#8217;y a pratiquement pas de dispositions l\u00e9gales \u00e0 respecter. En particulier, contrairement aux soci\u00e9t\u00e9s de capitaux, il n&#8217;est pas n\u00e9cessaire de tenir une double comptabilit\u00e9 si le chiffre d&#8217;affaires annuel est inf\u00e9rieur \u00e0 CHF 500\u2019000. En revanche, la responsabilit\u00e9 personnelle illimit\u00e9e du propri\u00e9taire est le principal inconv\u00e9nient. Un autre point n\u00e9gatif est que l&#8217;entreprise individuelle ne peut \u00eatre exploit\u00e9e que seule. La participation d&#8217;associ\u00e9s \u00e0 l&#8217;entreprise n&#8217;est pas autoris\u00e9e.<\/p>\n\n\n\n<h3 class=\"wp-block-heading\">Cr\u00e9ez votre entreprise en ligne avec STARTUPS.CH !<\/h3>\n\n\n\n<p>Vous avez une id\u00e9e d&#8217;entreprise innovante que vous souhaitez mettre en \u0153uvre ? Les experts de STARTUPS.CH sont \u00e0 votre disposition et vous accompagneront dans votre ind\u00e9pendance professionnelle.<\/p>\n\n\n\n<p>Obtenez d\u00e8s maintenant une <a href=\"https:\/\/www.startups.ch\/fr\/creation-entreprise\" title=\"offre sans engagement\">offre sans engagement<\/a> pour la cr\u00e9ation de votre entreprise !<\/p>\n\n\n\n<p>D\u00e9couvrez <a href=\"https:\/\/www.startups.ch\/fr\/prix\" title=\"Notre offre\">Notre offre<\/a><\/p>\n\n\n\n<p><a href=\"https:\/\/www.youtube.com\/user\/STARTUPSTV\" target=\"_blank\" rel=\"noopener\" title=\"StartupsTV\">D\u00e9couvrez des informations int\u00e9ressantes sur<\/a> <a href=\"https:\/\/www.youtube.com\/user\/STARTUPSTV\" target=\"_blank\" rel=\"noopener\" title=\"StartupsTV\">StartupsTV<\/a><\/p>\n\n\n\n<p><a class=\"postButton\" href=\"https:\/\/www.startups.ch\/fr\/services\/creation-entreprise\" target=\"_blank\" rel=\"noopener noreferrer\">\u00bb Se lancer, cr\u00e9er son entreprise<\/a>&nbsp;<a class=\"postButton\" href=\"https:\/\/startups.ch\/fr\/preparer\/business-plan\/qui-besoin\/\" target=\"_blank\" rel=\"noopener noreferrer\">\u00bb R\u00e9diger son Business plan<\/a><\/p>\n","protected":false},"excerpt":{"rendered":"<p>L&#8217;inscription d&#8217;une raison individuelle au registre du commerce repr\u00e9sente souvent le d\u00e9but d&#8217;une activit\u00e9 ind\u00e9pendante. Dans cet article de blog, nous vous pr\u00e9sentons quelques points auxquels vous devez faire attention lors de la cr\u00e9ation d&#8217;une raison individuelle.<\/p>\n","protected":false},"author":1,"featured_media":0,"comment_status":"open","ping_status":"open","sticky":false,"template":"","format":"standard","meta":{"content-type":"","jetpack_post_was_ever_published":false,"_jetpack_newsletter_access":"","_jetpack_dont_email_post_to_subs":false,"_jetpack_newsletter_tier_id":0,"footnotes":"","jetpack_publicize_message":"","jetpack_publicize_feature_enabled":false,"jetpack_social_post_already_shared":true,"jetpack_social_options":{"image_generator_settings":{"template":"highway","enabled":false}}},"categories":[9,5],"tags":[],"jetpack_publicize_connections":[],"aioseo_notices":[],"views":1110,"jetpack_featured_media_url":"","jetpack_sharing_enabled":true,"jetpack_shortlink":"https:\/\/wp.me\/p7y0qY-2Nu","_links":{"self":[{"href":"https:\/\/blog.startups.ch\/fr\/wp-json\/wp\/v2\/posts\/10756"}],"collection":[{"href":"https:\/\/blog.startups.ch\/fr\/wp-json\/wp\/v2\/posts"}],"about":[{"href":"https:\/\/blog.startups.ch\/fr\/wp-json\/wp\/v2\/types\/post"}],"author":[{"embeddable":true,"href":"https:\/\/blog.startups.ch\/fr\/wp-json\/wp\/v2\/users\/1"}],"replies":[{"embeddable":true,"href":"https:\/\/blog.startups.ch\/fr\/wp-json\/wp\/v2\/comments?post=10756"}],"version-history":[{"count":2,"href":"https:\/\/blog.startups.ch\/fr\/wp-json\/wp\/v2\/posts\/10756\/revisions"}],"predecessor-version":[{"id":11535,"href":"https:\/\/blog.startups.ch\/fr\/wp-json\/wp\/v2\/posts\/10756\/revisions\/11535"}],"wp:attachment":[{"href":"https:\/\/blog.startups.ch\/fr\/wp-json\/wp\/v2\/media?parent=10756"}],"wp:term":[{"taxonomy":"category","embeddable":true,"href":"https:\/\/blog.startups.ch\/fr\/wp-json\/wp\/v2\/categories?post=10756"},{"taxonomy":"post_tag","embeddable":true,"href":"https:\/\/blog.startups.ch\/fr\/wp-json\/wp\/v2\/tags?post=10756"}],"curies":[{"name":"wp","href":"https:\/\/api.w.org\/{rel}","templated":true}]}}