{"id":10624,"date":"2022-05-24T10:25:11","date_gmt":"2022-05-24T08:25:11","guid":{"rendered":"https:\/\/blog.startups.ch\/fr\/?p=10624"},"modified":"2022-06-01T08:55:46","modified_gmt":"2022-06-01T06:55:46","slug":"debut-de-la-personnalite-juridique","status":"publish","type":"post","link":"https:\/\/blog.startups.ch\/fr\/2022\/05\/24\/debut-de-la-personnalite-juridique\/","title":{"rendered":"\u00c0 partir de quand mon entreprise a-t-elle une personnalit\u00e9 juridique propre ?"},"content":{"rendered":"\n<h2 class=\"wp-block-heading\">Les nouveaux fondateurs se demandent souvent \u00e0 partir de quel moment leur soci\u00e9t\u00e9 devient une entit\u00e9 juridique distincte dans les relations juridiques et commerciales. Cette question est particuli\u00e8rement pertinente en ce qui concerne la responsabilit\u00e9.<\/h2>\n\n\n\n<figure class=\"wp-block-image size-large\"><img loading=\"lazy\" decoding=\"async\" width=\"1200\" height=\"801\" src=\"https:\/\/i0.wp.com\/blog.startups.ch\/fr\/wp-content\/uploads\/2022\/05\/scott-graham-OQMZwNd3ThU-unsplash.jpg?resize=1200%2C801&#038;ssl=1\" alt=\"\" class=\"wp-image-10625\" srcset=\"https:\/\/i0.wp.com\/blog.startups.ch\/fr\/wp-content\/uploads\/2022\/05\/scott-graham-OQMZwNd3ThU-unsplash-scaled.jpg?resize=1200%2C801&amp;ssl=1 1200w, https:\/\/i0.wp.com\/blog.startups.ch\/fr\/wp-content\/uploads\/2022\/05\/scott-graham-OQMZwNd3ThU-unsplash-scaled.jpg?resize=1536%2C1025&amp;ssl=1 1536w, https:\/\/i0.wp.com\/blog.startups.ch\/fr\/wp-content\/uploads\/2022\/05\/scott-graham-OQMZwNd3ThU-unsplash-scaled.jpg?resize=2048%2C1367&amp;ssl=1 2048w\" sizes=\"(max-width: 1000px) 100vw, 1000px\" data-recalc-dims=\"1\" \/><\/figure>\n\n\n\n<p>En plus de la responsabilit\u00e9, il existe de nombreuses autres cons\u00e9quences, notamment fiscales. Par exemple, une personne morale (S\u00e0rl et SA) sera impos\u00e9e d&#8217;une autre mani\u00e8re qu&#8217;une personne physique.<\/p>\n\n\n\n<h3 class=\"wp-block-heading\"><strong>Entreprise individuelle<\/strong><\/h3>\n\n\n\n<p>L\u2019entreprise individuelle est cr\u00e9\u00e9e d\u00e8s le d\u00e9but de l&#8217;activit\u00e9 commerciale. Le fait que l&#8217;entreprise s&#8217;inscrive ou non au registre du commerce ne joue aucun r\u00f4le. L\u2019entreprise individuelle n&#8217;a toutefois pas de personnalit\u00e9 juridique propre. C\u2019est-\u00e0-dire que le propri\u00e9taire de l\u2019entreprise endosse la responsabilit\u00e9 personnelle illimit\u00e9e. En d\u2019autres termes, le propri\u00e9taire de l&#8217;entreprise individuelle est \u00e9galement responsable de toutes les affaires conclues au nom de l&#8217;entreprise individuelle.<\/p>\n\n\n\n<h3 class=\"wp-block-heading\"><strong>Soci\u00e9t\u00e9 en nom collectif avec activit\u00e9 commerciale<\/strong><\/h3>\n\n\n\n<p>La soci\u00e9t\u00e9 en nom collectif commerciale na\u00eet \u00e0 partir du moment o\u00f9 les participants se sont mis d&#8217;accord pour exploiter en commun une entreprise poursuivant un but commercial.<\/p>\n\n\n\n<p>Bien que les associ\u00e9s soient ensuite oblig\u00e9s d\u2019inscrire la soci\u00e9t\u00e9 au registre du commerce, l\u2019inscription n\u2019a qu\u2019un caract\u00e8re d\u00e9claratif. Cela signifie que la soci\u00e9t\u00e9 en nom collectif existe d\u00e9j\u00e0 avant l&#8217;inscription et que les associ\u00e9s sont d\u00e9j\u00e0 responsables des affaires conclues.<\/p>\n\n\n\n<p>Comme l&#8217;entreprise individuelle, la soci\u00e9t\u00e9 en nom collectif n&#8217;a pas de personnalit\u00e9 juridique propre et n\u2019est donc pas une personne morale. Cependant, elle peut se pr\u00e9senter sous son propre nom dans les relations commerciales et juridiques, ainsi qu\u2019acqu\u00e9rir des droits et des obligations.<\/p>\n\n\n\n<h3 class=\"wp-block-heading\"><strong>S\u00e0rl et SA<\/strong><\/h3>\n\n\n\n<p>En ce qui concerne la S\u00e0rl et la SA, elles n&#8217;existent qu&#8217;\u00e0 partir du moment o\u00f9 elles sont inscrites au registre du commerce. Il s\u2019agit de personnes morales, c&#8217;est-\u00e0-dire qu&#8217;elles ont une personnalit\u00e9 juridique propre. De ce fait, ce sont elles, et non les soci\u00e9taires, qui portent la responsabilit\u00e9 dans les actes juridiques conclus au nom de la soci\u00e9t\u00e9. Les actes ill\u00e9gaux font exception \u00e0 cette r\u00e8gle.<\/p>\n\n\n\n<p>Les experts de STARTUPS.CH se feront un plaisir de vous aider et de vous guider vers l&#8217;ind\u00e9pendance professionnelle. <br>Se lancer en tant que <a href=\"https:\/\/bit.ly\/3fccZuN\">Mompreneur<\/a> <br>Se lancer en tant que <a href=\"https:\/\/bit.ly\/2UFV71N\">Dadpreneur<\/a> <br>Se lancer en tant <a href=\"https:\/\/bit.ly\/35JYyLi\">Seniorpreneur<\/a> <br>Se lancer en tant que <a href=\"https:\/\/bit.ly\/2UEHhwy\">Youngpreneur<\/a><br><a href=\"https:\/\/www.startups.ch\/fr\/home\" target=\"_blank\" rel=\"noreferrer noopener\">\u00bb STARTUPS.CH<\/a>&nbsp;<a href=\"https:\/\/www.startups.ch\/fr\/services\/creation-entreprise\" target=\"_blank\" rel=\"noreferrer noopener\">\u00bb Cr\u00e9er une entreprise<\/a><\/p>\n","protected":false},"excerpt":{"rendered":"<p>Les nouveaux fondateurs se demandent souvent \u00e0 partir de quel moment leur soci\u00e9t\u00e9 devient une entit\u00e9 juridique distincte dans les relations juridiques et commerciales. Cette question est particuli\u00e8rement pertinente en ce qui concerne la responsabilit\u00e9. En plus de la responsabilit\u00e9, il existe de nombreuses autres cons\u00e9quences, notamment fiscales. Par exemple, une personne morale (S\u00e0rl et [&hellip;]<\/p>\n","protected":false},"author":1,"featured_media":0,"comment_status":"open","ping_status":"open","sticky":false,"template":"","format":"standard","meta":{"content-type":"","jetpack_post_was_ever_published":false,"_jetpack_newsletter_access":"","_jetpack_dont_email_post_to_subs":false,"_jetpack_newsletter_tier_id":0,"footnotes":"","jetpack_publicize_message":"","jetpack_publicize_feature_enabled":true,"jetpack_social_post_already_shared":true,"jetpack_social_options":{"image_generator_settings":{"template":"highway","enabled":false}}},"categories":[9],"tags":[],"jetpack_publicize_connections":[],"aioseo_notices":[],"views":1163,"jetpack_featured_media_url":"","jetpack_sharing_enabled":true,"jetpack_shortlink":"https:\/\/wp.me\/p7y0qY-2Lm","_links":{"self":[{"href":"https:\/\/blog.startups.ch\/fr\/wp-json\/wp\/v2\/posts\/10624"}],"collection":[{"href":"https:\/\/blog.startups.ch\/fr\/wp-json\/wp\/v2\/posts"}],"about":[{"href":"https:\/\/blog.startups.ch\/fr\/wp-json\/wp\/v2\/types\/post"}],"author":[{"embeddable":true,"href":"https:\/\/blog.startups.ch\/fr\/wp-json\/wp\/v2\/users\/1"}],"replies":[{"embeddable":true,"href":"https:\/\/blog.startups.ch\/fr\/wp-json\/wp\/v2\/comments?post=10624"}],"version-history":[{"count":2,"href":"https:\/\/blog.startups.ch\/fr\/wp-json\/wp\/v2\/posts\/10624\/revisions"}],"predecessor-version":[{"id":10647,"href":"https:\/\/blog.startups.ch\/fr\/wp-json\/wp\/v2\/posts\/10624\/revisions\/10647"}],"wp:attachment":[{"href":"https:\/\/blog.startups.ch\/fr\/wp-json\/wp\/v2\/media?parent=10624"}],"wp:term":[{"taxonomy":"category","embeddable":true,"href":"https:\/\/blog.startups.ch\/fr\/wp-json\/wp\/v2\/categories?post=10624"},{"taxonomy":"post_tag","embeddable":true,"href":"https:\/\/blog.startups.ch\/fr\/wp-json\/wp\/v2\/tags?post=10624"}],"curies":[{"name":"wp","href":"https:\/\/api.w.org\/{rel}","templated":true}]}}