{"id":10562,"date":"2022-04-11T18:38:21","date_gmt":"2022-04-11T16:38:21","guid":{"rendered":"https:\/\/blog.startups.ch\/fr\/?p=10562"},"modified":"2022-06-01T08:56:22","modified_gmt":"2022-06-01T06:56:22","slug":"comment-determiner-la-raison-sociale-de-ma-societe-en-nom-collectif-%ef%bf%bc","status":"publish","type":"post","link":"https:\/\/blog.startups.ch\/fr\/2022\/04\/11\/comment-determiner-la-raison-sociale-de-ma-societe-en-nom-collectif-%ef%bf%bc\/","title":{"rendered":"Comment d\u00e9terminer la raison sociale de ma soci\u00e9t\u00e9 en nom collectif"},"content":{"rendered":"\n<h2 class=\"wp-block-heading\">Le choix d&#8217;une raison sociale appropri\u00e9e peut \u00eatre d\u00e9terminant pour le succ\u00e8s de votre entreprise. Certaines dispositions l\u00e9gales doivent toutefois \u00eatre respect\u00e9es.<\/h2>\n\n\n\n<!--more-->\n\n\n\n<figure class=\"wp-block-image size-large\"><img loading=\"lazy\" decoding=\"async\" width=\"1200\" height=\"899\" src=\"https:\/\/i0.wp.com\/blog.startups.ch\/fr\/wp-content\/uploads\/2022\/04\/Blog-Bild.jpg?resize=1200%2C899&#038;ssl=1\" alt=\"\" class=\"wp-image-10564\" srcset=\"https:\/\/i0.wp.com\/blog.startups.ch\/fr\/wp-content\/uploads\/2022\/04\/Blog-Bild.jpg?resize=1200%2C899&amp;ssl=1 1200w, https:\/\/i0.wp.com\/blog.startups.ch\/fr\/wp-content\/uploads\/2022\/04\/Blog-Bild.jpg?resize=1536%2C1151&amp;ssl=1 1536w, https:\/\/i0.wp.com\/blog.startups.ch\/fr\/wp-content\/uploads\/2022\/04\/Blog-Bild.jpg?w=2000&amp;ssl=1 2000w\" sizes=\"(max-width: 1000px) 100vw, 1000px\" data-recalc-dims=\"1\" \/><\/figure>\n\n\n\n<h3 class=\"wp-block-heading\"><strong>Modification du droit des raisons de commerce<\/strong><\/h3>\n\n\n\n<p>Depuis le 1<sup>er<\/sup> juillet 2016, le nouveau droit des raisons de commerce est en vigueur. Cette modification implique notamment quelques changements pour la soci\u00e9t\u00e9 en nom collectif (SNC). En effet, avant la r\u00e9vision de la loi, le nom de famille d&#8217;au moins un des associ\u00e9s devait figurer dans la raison sociale (ou raison de commerce). Cette r\u00e8gle, consid\u00e9r\u00e9e comme trop restrictive, est tomb\u00e9e avec la r\u00e9vision. Compte tenu des principes g\u00e9n\u00e9raux de la formation des raisons de commerce (<a href=\"https:\/\/www.fedlex.admin.ch\/eli\/cc\/27\/317_321_377\/fr#art_950\" target=\"_blank\" rel=\"noreferrer noopener\">art. 950 CO<\/a>), le nom de la soci\u00e9t\u00e9 peut d\u00e9sormais \u00eatre choisi librement, et cela aussi dans le cas d&#8217;une soci\u00e9t\u00e9 en nom collectif.<\/p>\n\n\n\n<h3 class=\"wp-block-heading\"><strong>D\u00e9signations fantaisistes<\/strong><\/h3>\n\n\n\n<p>Ainsi, cela signifie que les soci\u00e9t\u00e9s en nom collectif peuvent \u00e9galement utiliser des d\u00e9signations fantaisistes dans les raisons sociales. \u00c0 noter que les raisons sociales trompeuses ne sont pas autoris\u00e9es. La raison de commerce &#8220;ABC Boulangerie SNC&#8221;, par exemple, ne serait pas admise si la soci\u00e9t\u00e9 en nom collectif n&#8217;exploite en r\u00e9alit\u00e9 pas de boulangerie, mais une entreprise de peinture.<\/p>\n\n\n\n<h3 class=\"wp-block-heading\"><strong>Risque de confusion<\/strong><\/h3>\n\n\n\n<p>Il faut en outre veiller \u00e0 ce que la raison sociale souhait\u00e9e ne soit pas encore attribu\u00e9e. L&#8217;inscription de soci\u00e9t\u00e9s identiques au registre du commerce n&#8217;est pas possible. Il importe peu que la raison de commerce d\u00e9j\u00e0 inscrite soit une soci\u00e9t\u00e9 en nom collectif, une soci\u00e9t\u00e9 de capitaux (SA, S\u00e0rl) ou une entreprise individuelle. Des raisons sociales similaires peuvent certes \u00eatre inscrites, mais il est conseill\u00e9 d&#8217;opter pour une raison sociale qui se distingue clairement de la concurrence. Pour v\u00e9rifier les raisons de commerce d\u00e9j\u00e0 existantes, il est recommand\u00e9 de consulter l&#8217;index central des raisons de commerce (<a href=\"https:\/\/www.zefix.ch\/fr\/search\/entity\/welcome\" target=\"_blank\" rel=\"noreferrer noopener\">www.zefix.ch<\/a>).<\/p>\n\n\n\n<p>Enfin, il convient d&#8217;ajouter la mention SNC (ou KLG dans les cantons germanophones) \u00e0 la raison sociale.<\/p>\n\n\n\n<p>Vous avez une id\u00e9e commerciale innovante que vous aimeriez mettre en \u0153uvre ? Les experts de STARTUPS.CH se feront un plaisir de vous aider et de vous guider vers l&#8217;ind\u00e9pendance professionnelle. <br>Se lancer en tant que <a href=\"https:\/\/bit.ly\/3fccZuN\">Mompreneur<\/a> <br>Se lancer en tant que <a href=\"https:\/\/bit.ly\/2UFV71N\">Dadpreneur<\/a> <br>Se lancer en tant <a href=\"https:\/\/bit.ly\/35JYyLi\">Seniorpreneur<\/a> <br>Se lancer en tant que <a href=\"https:\/\/bit.ly\/2UEHhwy\">Youngpreneur<\/a><br><a href=\"https:\/\/www.startups.ch\/fr\/home\" target=\"_blank\" rel=\"noreferrer noopener\">\u00bb STARTUPS.CH<\/a>&nbsp;<a href=\"https:\/\/www.startups.ch\/fr\/services\/creation-entreprise\" target=\"_blank\" rel=\"noreferrer noopener\">\u00bb Cr\u00e9er une entreprise<\/a><br><\/p>\n\n\n\n<p><\/p>\n","protected":false},"excerpt":{"rendered":"<p>Le choix d&#8217;une raison sociale appropri\u00e9e peut \u00eatre d\u00e9terminant pour le succ\u00e8s de votre entreprise. Certaines dispositions l\u00e9gales doivent toutefois \u00eatre respect\u00e9es.<\/p>\n","protected":false},"author":1,"featured_media":0,"comment_status":"open","ping_status":"open","sticky":false,"template":"","format":"standard","meta":{"content-type":"","jetpack_post_was_ever_published":false,"_jetpack_newsletter_access":"","_jetpack_dont_email_post_to_subs":false,"_jetpack_newsletter_tier_id":0,"footnotes":"","jetpack_publicize_message":"","jetpack_publicize_feature_enabled":true,"jetpack_social_post_already_shared":true,"jetpack_social_options":{"image_generator_settings":{"template":"highway","enabled":false}}},"categories":[1],"tags":[],"jetpack_publicize_connections":[],"aioseo_notices":[],"views":1110,"jetpack_featured_media_url":"","jetpack_sharing_enabled":true,"jetpack_shortlink":"https:\/\/wp.me\/p7y0qY-2Km","_links":{"self":[{"href":"https:\/\/blog.startups.ch\/fr\/wp-json\/wp\/v2\/posts\/10562"}],"collection":[{"href":"https:\/\/blog.startups.ch\/fr\/wp-json\/wp\/v2\/posts"}],"about":[{"href":"https:\/\/blog.startups.ch\/fr\/wp-json\/wp\/v2\/types\/post"}],"author":[{"embeddable":true,"href":"https:\/\/blog.startups.ch\/fr\/wp-json\/wp\/v2\/users\/1"}],"replies":[{"embeddable":true,"href":"https:\/\/blog.startups.ch\/fr\/wp-json\/wp\/v2\/comments?post=10562"}],"version-history":[{"count":4,"href":"https:\/\/blog.startups.ch\/fr\/wp-json\/wp\/v2\/posts\/10562\/revisions"}],"predecessor-version":[{"id":10648,"href":"https:\/\/blog.startups.ch\/fr\/wp-json\/wp\/v2\/posts\/10562\/revisions\/10648"}],"wp:attachment":[{"href":"https:\/\/blog.startups.ch\/fr\/wp-json\/wp\/v2\/media?parent=10562"}],"wp:term":[{"taxonomy":"category","embeddable":true,"href":"https:\/\/blog.startups.ch\/fr\/wp-json\/wp\/v2\/categories?post=10562"},{"taxonomy":"post_tag","embeddable":true,"href":"https:\/\/blog.startups.ch\/fr\/wp-json\/wp\/v2\/tags?post=10562"}],"curies":[{"name":"wp","href":"https:\/\/api.w.org\/{rel}","templated":true}]}}