{"id":10482,"date":"2022-03-21T07:30:00","date_gmt":"2022-03-21T06:30:00","guid":{"rendered":"https:\/\/blog.startups.ch\/fr\/?p=10482"},"modified":"2024-07-09T12:43:33","modified_gmt":"2024-07-09T10:43:33","slug":"quelle-raison-de-commerce-pour-mon-entreprise","status":"publish","type":"post","link":"https:\/\/blog.startups.ch\/fr\/2022\/03\/21\/quelle-raison-de-commerce-pour-mon-entreprise\/","title":{"rendered":"Quelle raison de commerce pour mon entreprise?"},"content":{"rendered":"\n<h2 class=\"wp-block-heading\">La raison de commerce est le nom officiel de votre entreprise inscrit au registre du commerce et utilis\u00e9 dans les relations juridiques. Vous \u00eates en principe libre de nommer votre entreprise. Cependant, il existe quelques r\u00e8gles et restrictions \u00e0 respecter lors de l&#8217;inscription de votre raison de commerce.<\/h2>\n\n\n\n<!--more-->\n\n\n\n<figure class=\"wp-block-image size-full\"><img loading=\"lazy\" decoding=\"async\" width=\"1154\" height=\"770\" src=\"https:\/\/i0.wp.com\/blog.startups.ch\/fr\/wp-content\/uploads\/2022\/03\/sean-pollock-PhYq704ffdA-unsplash.webp?resize=1154%2C770&#038;ssl=1\" alt=\"Raison de commerce\n\" class=\"wp-image-10483\" data-recalc-dims=\"1\"\/><\/figure>\n\n\n\n<h3 class=\"wp-block-heading\"><strong>Obligation de dire la v\u00e9rit\u00e9 et interdiction d\u2019induire en erreur<\/strong><\/h3>\n\n\n\n<p>Tout d&#8217;abord, l&#8217;obligation de dire la v\u00e9rit\u00e9 et l&#8217;interdiction d&#8217;induire en erreur s&#8217;appliquent (art. 944 CO). Il est inadmissible de nommer sa propre raison de commerce &#8220;M\u00fcller B\u00e4ckerei GmbH&#8221; si l&#8217;on fournit effectivement des prestations dans le domaine du conseil en gestion, car cela serait trompeur. Les \u00e9l\u00e9ments de la raison sociale d\u00e9crivant l&#8217;activit\u00e9 doivent \u00eatre couverts par l&#8217;objectif de l&#8217;entreprise.<\/p>\n\n\n\n<h3 class=\"wp-block-heading\"><strong>Raison individuelle en Suisse<\/strong><\/h3>\n\n\n\n<p>Pour une raison individuelle, le nom de famille du propri\u00e9taire doit imp\u00e9rativement faire partie de la raison de commerce (art. 945 al. 1 CO). De plus, il n&#8217;est pas permis de choisir une adjonction qui indiquerait un rapport d&#8217;associ\u00e9 (art. 945 al. 3 CO). Par exemple, il ne serait pas possible d\u2019appeler son entreprise &#8220;M\u00fcller et associ\u00e9s&#8221; ou &#8220;M\u00fcller SA&#8221;.<\/p>\n\n\n\n<h4 class=\"wp-block-heading\">Protection de la raison de commerce<\/h4>\n\n\n\n<p>Une fois votre raison de commerce inscrite au registre du commerce, elle b\u00e9n\u00e9ficie d&#8217;une protection juridique en Suisse (art. 951 CO). Cela signifie qu&#8217;aucune autre entreprise ne peut inscrire la m\u00eame raison de commerce. Pour les raisons individuelles, cette protection est limit\u00e9e \u00e0 la commune o\u00f9 l&#8217;entreprise est enregistr\u00e9e (art. 946 al. 1 CO).<\/p>\n\n\n\n<h4 class=\"wp-block-heading\">Risque de confusion<\/h4>\n\n\n\n<p>Il est \u00e9galement important d&#8217;\u00e9viter les risques de confusion avec d&#8217;autres entreprises. Si votre raison de commerce est similaire \u00e0 des raisons d\u00e9j\u00e0 inscrites, vous pourriez recevoir une demande de modification. Pour \u00e9viter cela, il est recommand\u00e9 de choisir une raison de commerce distincte des autres entreprises existantes. Vous pouvez v\u00e9rifier les entreprises d\u00e9j\u00e0 inscrites sur l&#8217;index central des raisons de commerce (zefix.ch).<\/p>\n\n\n\n<h4 class=\"wp-block-heading\">En bref<\/h4>\n\n\n\n<p>Il est essentiel de choisir soigneusement sa raison de commerce et de v\u00e9rifier les similitudes avec les entreprises et marques existantes. Cela vous \u00e9vitera des modifications ult\u00e9rieures, co\u00fbteuses et fastidieuses.<\/p>\n\n\n\n<p>Vous avez une id\u00e9e commerciale innovante que vous aimeriez mettre en \u0153uvre ? Les experts de STARTUPS.CH se feront un plaisir de vous aider et de vous guider vers l&#8217;ind\u00e9pendance professionnelle. Que vous soyez un futur Mompreneur ou un entrepreneur exp\u00e9riment\u00e9, STARTUPS.CH est l\u00e0 pour vous accompagner.<\/p>\n\n\n\n<p>Se lancer en tant que <a href=\"https:\/\/bit.ly\/2UFV71N\">Dadpreneur<\/a> <\/p>\n\n\n\n<p>Se lancer en tant <a href=\"https:\/\/bit.ly\/35JYyLi\">Seniorpreneur<\/a> <\/p>\n\n\n\n<p>Se lancer en tant que <a href=\"https:\/\/bit.ly\/2UEHhwy\">Youngpreneur<\/a><\/p>\n\n\n\n<p><a href=\"https:\/\/www.startups.ch\/fr\/home\" target=\"_blank\" rel=\"noreferrer noopener\">\u00bb STARTUPS.CH<\/a>&nbsp;<a href=\"https:\/\/www.startups.ch\/fr\/services\/creation-entreprise\" target=\"_blank\" rel=\"noreferrer noopener\">\u00bb Cr\u00e9er une entreprise<\/a><\/p>\n","protected":false},"excerpt":{"rendered":"<p>La raison de commerce est le nom officiel de votre entreprise inscrit au registre du commerce et utilis\u00e9 dans les relations juridiques. Vous \u00eates en principe libre de nommer votre entreprise. Cependant, il existe quelques r\u00e8gles et restrictions \u00e0 respecter lors de l&#8217;inscription de votre raison de commerce.<\/p>\n","protected":false},"author":1,"featured_media":0,"comment_status":"open","ping_status":"open","sticky":false,"template":"","format":"standard","meta":{"content-type":"","jetpack_post_was_ever_published":false,"_jetpack_newsletter_access":"","_jetpack_dont_email_post_to_subs":false,"_jetpack_newsletter_tier_id":0,"footnotes":"","jetpack_publicize_message":"","jetpack_publicize_feature_enabled":true,"jetpack_social_post_already_shared":true,"jetpack_social_options":{"image_generator_settings":{"template":"highway","enabled":false}}},"categories":[9],"tags":[],"jetpack_publicize_connections":[],"aioseo_notices":[],"views":446,"jetpack_featured_media_url":"","jetpack_sharing_enabled":true,"jetpack_shortlink":"https:\/\/wp.me\/p7y0qY-2J4","_links":{"self":[{"href":"https:\/\/blog.startups.ch\/fr\/wp-json\/wp\/v2\/posts\/10482"}],"collection":[{"href":"https:\/\/blog.startups.ch\/fr\/wp-json\/wp\/v2\/posts"}],"about":[{"href":"https:\/\/blog.startups.ch\/fr\/wp-json\/wp\/v2\/types\/post"}],"author":[{"embeddable":true,"href":"https:\/\/blog.startups.ch\/fr\/wp-json\/wp\/v2\/users\/1"}],"replies":[{"embeddable":true,"href":"https:\/\/blog.startups.ch\/fr\/wp-json\/wp\/v2\/comments?post=10482"}],"version-history":[{"count":6,"href":"https:\/\/blog.startups.ch\/fr\/wp-json\/wp\/v2\/posts\/10482\/revisions"}],"predecessor-version":[{"id":11447,"href":"https:\/\/blog.startups.ch\/fr\/wp-json\/wp\/v2\/posts\/10482\/revisions\/11447"}],"wp:attachment":[{"href":"https:\/\/blog.startups.ch\/fr\/wp-json\/wp\/v2\/media?parent=10482"}],"wp:term":[{"taxonomy":"category","embeddable":true,"href":"https:\/\/blog.startups.ch\/fr\/wp-json\/wp\/v2\/categories?post=10482"},{"taxonomy":"post_tag","embeddable":true,"href":"https:\/\/blog.startups.ch\/fr\/wp-json\/wp\/v2\/tags?post=10482"}],"curies":[{"name":"wp","href":"https:\/\/api.w.org\/{rel}","templated":true}]}}