{"id":1014,"date":"2012-12-07T14:52:08","date_gmt":"2012-12-07T12:52:08","guid":{"rendered":"http:\/\/blog.startups.ch\/fr\/?p=1014"},"modified":"2013-01-09T14:51:59","modified_gmt":"2013-01-09T12:51:59","slug":"creationsdentreprises-en-novembre-2012","status":"publish","type":"post","link":"https:\/\/blog.startups.ch\/fr\/2012\/12\/07\/creationsdentreprises-en-novembre-2012\/","title":{"rendered":"Cr\u00e9ations d\u2019entreprises en novembre 2012"},"content":{"rendered":"<p><strong>La tendance positive g\u00e9n\u00e9rale observ\u00e9e ces derniers mois en Suisse quant aux cr\u00e9ations d\u2019entreprises se confirme en novembre. En effet, cela fait trois mois que le nombre de nouvelles inscriptions au Registre du Commerce (RC) est \u00e0 la hausse. Malheureusement cette tendance \u00e0 la hausse n\u2019est pas repr\u00e9sentative pour le d\u00e9veloppement en Suisse romande. Le nombre de nouvelles cr\u00e9ations d\u2019entreprises semble y stagner. Vous trouverez de plus amples informations \u00e0 ce sujet dans le pr\u00e9sent article.<\/strong><\/p>\n<p><!--more--><\/p>\n<p style=\"text-align: center;\"><a href=\"https:\/\/i0.wp.com\/blog.startups.ch\/fr\/wp-content\/uploads\/2012\/12\/nombre-de-nouvelles-inscriptions-au-RC-en-Suisse.jpg\"><img loading=\"lazy\" decoding=\"async\" class=\"aligncenter size-full wp-image-1018\" title=\"Nombre de nouvelles cr\u00e9ations d'entreprises en Suisse\" alt=\"Cr\u00e9ations d'entreprises\" src=\"https:\/\/i0.wp.com\/blog.startups.ch\/fr\/wp-content\/uploads\/2012\/12\/nombre-de-nouvelles-inscriptions-au-RC-en-Suisse.jpg?resize=481%2C289\" width=\"481\" height=\"289\" srcset=\"https:\/\/i0.wp.com\/blog.startups.ch\/fr\/wp-content\/uploads\/2012\/12\/nombre-de-nouvelles-inscriptions-au-RC-en-Suisse.jpg?w=481&amp;ssl=1 481w, https:\/\/i0.wp.com\/blog.startups.ch\/fr\/wp-content\/uploads\/2012\/12\/nombre-de-nouvelles-inscriptions-au-RC-en-Suisse.jpg?resize=300%2C180&amp;ssl=1 300w\" sizes=\"(max-width: 481px) 100vw, 481px\" data-recalc-dims=\"1\" \/><\/a><\/p>\n<p>Au niveau suisse ce sont 3\u2018307 nouvelles entreprises qui ont \u00e9t\u00e9 enregistr\u00e9es au RC en novembre, soit 54 de plus qu\u2019en octobre (3\u2018253). Cela correspond \u00e0 une hausse relative de 1.7%. Il est int\u00e9ressant de constater que cela repr\u00e9sente \u00e9galement une hausse par rapport au mois de novembre de l\u2019ann\u00e9e pr\u00e9c\u00e9dente (3\u2018252), soit une hausse absolue de 55 nouvelles inscriptions et relative de 1.7%. Nous remarquons une diff\u00e9rence de 1 inscription entre le mois d\u2019octobre 2012 et le mois de novembre 2011.<\/p>\n<p>Observons maintenant les d\u00e9veloppements sp\u00e9cifiques aux diff\u00e9rentes r\u00e9gions linguistiques et aux cantons. Les chiffres suivants sont d\u2019un int\u00e9r\u00eat particulier\u00a0: En comparaison avec le mois d\u2019octobre pr\u00e9c\u00e9dant, la Suisse al\u00e9manique est la seule r\u00e9gion \u00e0 enregistrer une hausse des nouvelles inscriptions au RC (+128 resp. +6.2%). Le Tessin (-8 resp. -3.3%) et la Suisse romande (-66 resp. -7.0%) enregistrent tous deux de l\u00e9g\u00e8res baisses en comparaison avec le mois d\u2019octobre 2012. La tendance g\u00e9n\u00e9rale positive est donc due aux d\u00e9veloppements positifs en Suisse al\u00e9manique.<\/p>\n<p>La baisse de nouvelles inscriptions au RC en Suisse romande est en grande partie due au d\u00e9veloppement fortement n\u00e9gatif dans le canton de Vaud. En effet, le canton de Vaud est le canton de Suisse romande qui enregistre la plus forte baisse de cr\u00e9ations d\u2019entreprises par rapport au mois pr\u00e9c\u00e9dent (-69 resp. -22.1%). Cette situation peut \u00eatre compar\u00e9e \u00e0 la situation dans le canton de Zurich. Celui-ci qui enregistre \u00e9galement une forte baisse de -80 resp. -12.9% nouvelles inscriptions au RC. Les autres cantons de Suisse romande stagnent dans l\u2019ensemble par rapport au mois pr\u00e9c\u00e9dent (Gen\u00e8ve\u00a0-2\u00a0; Fribourg +0\u00a0; Jura +4\u00a0; Valais -7\u00a0; Neuch\u00e2tel\u00a0: +8).<\/p>\n","protected":false},"excerpt":{"rendered":"<p>La tendance positive g\u00e9n\u00e9rale observ\u00e9e ces derniers mois en Suisse quant aux cr\u00e9ations d\u2019entreprises se confirme en novembre. En effet, cela fait trois mois que le nombre de nouvelles inscriptions au Registre du Commerce (RC) est \u00e0 la hausse. Malheureusement cette tendance \u00e0 la hausse n\u2019est pas repr\u00e9sentative pour le d\u00e9veloppement en Suisse romande. Le [&hellip;]<\/p>\n","protected":false},"author":1,"featured_media":0,"comment_status":"open","ping_status":"closed","sticky":false,"template":"","format":"standard","meta":{"content-type":"","jetpack_post_was_ever_published":false,"_jetpack_newsletter_access":"","_jetpack_dont_email_post_to_subs":false,"_jetpack_newsletter_tier_id":0,"footnotes":"","jetpack_publicize_message":"","jetpack_publicize_feature_enabled":true,"jetpack_social_post_already_shared":false,"jetpack_social_options":{"image_generator_settings":{"template":"highway","enabled":false}}},"categories":[228],"tags":[],"jetpack_publicize_connections":[],"aioseo_notices":[],"views":1814,"jetpack_featured_media_url":"","jetpack_sharing_enabled":true,"jetpack_shortlink":"https:\/\/wp.me\/p7y0qY-gm","_links":{"self":[{"href":"https:\/\/blog.startups.ch\/fr\/wp-json\/wp\/v2\/posts\/1014"}],"collection":[{"href":"https:\/\/blog.startups.ch\/fr\/wp-json\/wp\/v2\/posts"}],"about":[{"href":"https:\/\/blog.startups.ch\/fr\/wp-json\/wp\/v2\/types\/post"}],"author":[{"embeddable":true,"href":"https:\/\/blog.startups.ch\/fr\/wp-json\/wp\/v2\/users\/1"}],"replies":[{"embeddable":true,"href":"https:\/\/blog.startups.ch\/fr\/wp-json\/wp\/v2\/comments?post=1014"}],"version-history":[{"count":20,"href":"https:\/\/blog.startups.ch\/fr\/wp-json\/wp\/v2\/posts\/1014\/revisions"}],"predecessor-version":[{"id":1118,"href":"https:\/\/blog.startups.ch\/fr\/wp-json\/wp\/v2\/posts\/1014\/revisions\/1118"}],"wp:attachment":[{"href":"https:\/\/blog.startups.ch\/fr\/wp-json\/wp\/v2\/media?parent=1014"}],"wp:term":[{"taxonomy":"category","embeddable":true,"href":"https:\/\/blog.startups.ch\/fr\/wp-json\/wp\/v2\/categories?post=1014"},{"taxonomy":"post_tag","embeddable":true,"href":"https:\/\/blog.startups.ch\/fr\/wp-json\/wp\/v2\/tags?post=1014"}],"curies":[{"name":"wp","href":"https:\/\/api.w.org\/{rel}","templated":true}]}}