{"id":1011,"date":"2012-11-28T08:06:52","date_gmt":"2012-11-28T06:06:52","guid":{"rendered":"http:\/\/blog.startups.ch\/fr\/?p=1011"},"modified":"2013-03-26T14:21:08","modified_gmt":"2013-03-26T12:21:08","slug":"nouveau-droit-du-nom","status":"publish","type":"post","link":"https:\/\/blog.startups.ch\/fr\/2012\/11\/28\/nouveau-droit-du-nom\/","title":{"rendered":"Le nouveau droit du nom d\u00e8s le 1er janvier 2013"},"content":{"rendered":"<p><strong>Le nouveau droit du nom entre en vigueur le 1<sup>er<\/sup> janvier 2013. Tout ne sera pas possible, mais gr\u00e2ce \u00e0 ce nouveau droit l\u2019\u00e9galit\u00e9 entre homme et femme s\u2019am\u00e9liore.<\/strong><\/p>\n<p><!--more--><\/p>\n<p style=\"text-align: center;\"><a href=\"https:\/\/i0.wp.com\/blog.startups.ch\/fr\/wp-content\/uploads\/2012\/11\/Fotolia_gl\u00fcckliches-Paar_zugeschnitten.jpg\"><img loading=\"lazy\" decoding=\"async\" class=\"aligncenter size-full wp-image-1127\" title=\"nouveau droit du nom\" alt=\"nouveau droit du nom\" src=\"https:\/\/i0.wp.com\/blog.startups.ch\/fr\/wp-content\/uploads\/2012\/11\/Fotolia_gl\u00fcckliches-Paar_zugeschnitten.jpg?resize=690%2C339\" width=\"690\" height=\"339\" srcset=\"https:\/\/i0.wp.com\/blog.startups.ch\/fr\/wp-content\/uploads\/2012\/11\/Fotolia_gl\u00fcckliches-Paar_zugeschnitten.jpg?w=690&amp;ssl=1 690w, https:\/\/i0.wp.com\/blog.startups.ch\/fr\/wp-content\/uploads\/2012\/11\/Fotolia_gl\u00fcckliches-Paar_zugeschnitten.jpg?resize=300%2C147&amp;ssl=1 300w\" sizes=\"(max-width: 690px) 100vw, 690px\" data-recalc-dims=\"1\" \/><\/a><\/p>\n<h2>Le nouveau droit du nom en Suisse<\/h2>\n<h3><strong>Couple mari\u00e9<\/strong><\/h3>\n<p>D\u2019une mani\u00e8re g\u00e9n\u00e9rale, d\u00e8s le 1<sup>er<\/sup> janvier, chaque homme ou femme qui se marie pourra conserver son nom (sans trait d\u2019union, ni nom double). Lors de la proc\u00e9dure de mariage, le couple doit d\u00e9cider quel nom porteront leurs enfants. La seule limitation est que tous les enfants devront porter le m\u00eame nom. La possibilit\u00e9 d\u2019utiliser le nom d\u2019alliance est toujours possible.<\/p>\n<h3><strong>Couple non mari\u00e9<\/strong><\/h3>\n<p>Les enfants de couples non mari\u00e9s pourront d\u00e9sormais \u00e9galement porter le nom de leur p\u00e8re. Ainsi, plusieurs enfants communs pourront porter des noms diff\u00e9rents.<\/p>\n","protected":false},"excerpt":{"rendered":"<p>Le nouveau droit du nom entre en vigueur le 1er janvier 2013. Tout ne sera pas possible, mais gr\u00e2ce \u00e0 ce nouveau droit l\u2019\u00e9galit\u00e9 entre homme et femme s\u2019am\u00e9liore.<\/p>\n","protected":false},"author":7,"featured_media":0,"comment_status":"closed","ping_status":"closed","sticky":false,"template":"","format":"standard","meta":{"content-type":"","jetpack_post_was_ever_published":false,"_jetpack_newsletter_access":"","_jetpack_dont_email_post_to_subs":false,"_jetpack_newsletter_tier_id":0,"footnotes":"","jetpack_publicize_message":"","jetpack_publicize_feature_enabled":true,"jetpack_social_post_already_shared":false,"jetpack_social_options":{"image_generator_settings":{"template":"highway","enabled":false}}},"categories":[1,9],"tags":[],"jetpack_publicize_connections":[],"aioseo_notices":[],"views":1842,"jetpack_featured_media_url":"","jetpack_sharing_enabled":true,"jetpack_shortlink":"https:\/\/wp.me\/p7y0qY-gj","_links":{"self":[{"href":"https:\/\/blog.startups.ch\/fr\/wp-json\/wp\/v2\/posts\/1011"}],"collection":[{"href":"https:\/\/blog.startups.ch\/fr\/wp-json\/wp\/v2\/posts"}],"about":[{"href":"https:\/\/blog.startups.ch\/fr\/wp-json\/wp\/v2\/types\/post"}],"author":[{"embeddable":true,"href":"https:\/\/blog.startups.ch\/fr\/wp-json\/wp\/v2\/users\/7"}],"replies":[{"embeddable":true,"href":"https:\/\/blog.startups.ch\/fr\/wp-json\/wp\/v2\/comments?post=1011"}],"version-history":[{"count":8,"href":"https:\/\/blog.startups.ch\/fr\/wp-json\/wp\/v2\/posts\/1011\/revisions"}],"predecessor-version":[{"id":1514,"href":"https:\/\/blog.startups.ch\/fr\/wp-json\/wp\/v2\/posts\/1011\/revisions\/1514"}],"wp:attachment":[{"href":"https:\/\/blog.startups.ch\/fr\/wp-json\/wp\/v2\/media?parent=1011"}],"wp:term":[{"taxonomy":"category","embeddable":true,"href":"https:\/\/blog.startups.ch\/fr\/wp-json\/wp\/v2\/categories?post=1011"},{"taxonomy":"post_tag","embeddable":true,"href":"https:\/\/blog.startups.ch\/fr\/wp-json\/wp\/v2\/tags?post=1011"}],"curies":[{"name":"wp","href":"https:\/\/api.w.org\/{rel}","templated":true}]}}