{"id":101,"date":"2009-10-08T19:23:48","date_gmt":"2009-10-08T17:23:48","guid":{"rendered":"http:\/\/blog.startups.ch\/fr\/?p=101"},"modified":"2014-06-15T19:44:56","modified_gmt":"2014-06-15T17:44:56","slug":"transformation-d%e2%80%99une-raison-individuelle-en-sa-ou-sarl-%e2%80%93-droit-civil","status":"publish","type":"post","link":"https:\/\/blog.startups.ch\/fr\/2009\/10\/08\/transformation-d%e2%80%99une-raison-individuelle-en-sa-ou-sarl-%e2%80%93-droit-civil\/","title":{"rendered":"Transformation d\u2019une raison individuelle en SA ou S\u00e0rl"},"content":{"rendered":"<h3>Transformation d\u2019une raison individuelle en SA ou S\u00e0rl \u2013 point de vue du droit civil<\/h3>\n<p><!--more--><\/p>\n<p><a href=\"https:\/\/i0.wp.com\/blog.startups.ch\/fr\/wp-content\/uploads\/2014\/04\/Fotolia_52979842_S.jpg\"><img loading=\"lazy\" decoding=\"async\" class=\"aligncenter size-full wp-image-3270\" src=\"https:\/\/i0.wp.com\/blog.startups.ch\/fr\/wp-content\/uploads\/2014\/04\/Fotolia_52979842_S.jpg?resize=690%2C321\" alt=\"transformation\" width=\"690\" height=\"321\" srcset=\"https:\/\/i0.wp.com\/blog.startups.ch\/fr\/wp-content\/uploads\/2014\/04\/Fotolia_52979842_S.jpg?w=690&amp;ssl=1 690w, https:\/\/i0.wp.com\/blog.startups.ch\/fr\/wp-content\/uploads\/2014\/04\/Fotolia_52979842_S.jpg?resize=300%2C139&amp;ssl=1 300w\" sizes=\"(max-width: 690px) 100vw, 690px\" data-recalc-dims=\"1\" \/><\/a><\/p>\n<p>En cons\u00e9quence d&#8217;une croissance saine, de nombreuses raisons individuelles souhaitent adapter leur forme juridique afin de mieux r\u00e9pondre \u00e0 leurs besoins \u00e9conomiques et se transforment ainsi en S\u00e0rl ou SA. Cette transformation peut s\u2019effectuer de plusieurs mani\u00e8res. Transformation n\u2019est en soit pas le bon terme \u00e9tant donn\u00e9 qu\u2019une nouvelle soci\u00e9t\u00e9 va \u00eatre cr\u00e9\u00e9e (SA ou S\u00e0rl), laquelle reprendra simplement certaines parties de la raison individuelle. La raison individuelle est ainsi dissoute et devra, si tel \u00e9tait le cas, \u00eatre effac\u00e9e du registre du commerce. Ci-apr\u00e8s, les deux possibilit\u00e9s de transformation en SA ou S\u00e0rl sont repr\u00e9sent\u00e9es. Toutes deux sont des fondations qualifi\u00e9es et comportent certaines particularit\u00e9s par rapport \u00e0 la proc\u00e9dure standard. Ainsi vous augmentez \u00e9galement les co\u00fbts de fondation.<\/p>\n<p>A)\u00a0\u00a0\u00a0 La nouvelle SA (ou S\u00e0rl) peut \u00eatre cr\u00e9\u00e9e par un apport en nature. Dans ce but, les installations industrielles (machines et autres biens) de la raison individuelle seront utilis\u00e9es afin de lib\u00e9rer le capital de la nouvelle soci\u00e9t\u00e9, c.-\u00e0-d. afin de payer les nouvelles actions. Un r\u00e9viseur accr\u00e9dit\u00e9 doit cependant contr\u00f4ler que la valeur des installations corresponde \u00e0 la valeur des actions lib\u00e9r\u00e9es. Lors d\u2019une telle fondation d\u2019entreprise, la valeur de chaque actif apport\u00e9, leur nom, le nom de la personne qui a effectu\u00e9 la lib\u00e9ration, ainsi que le nombre d\u2019actions obtenues en contre partie seront inscrits au registre du commerce.<\/p>\n<p>B)\u00a0\u00a0\u00a0\u00a0 La nouvelle soci\u00e9t\u00e9 peut reprendre le commerce de la raison individuelle, avec tous les actifs et passifs, en reprenant le tout pendant la fondation (appel\u00e9 reprise de biens). Les actifs et passifs ne seront pas, ou uniquement partiellement, utilis\u00e9s pour financer les actions (pour la lib\u00e9ration), g\u00e9n\u00e9ralement une partie sera laiss\u00e9 ouverte en cr\u00e9dit pour la soci\u00e9t\u00e9 et vis-\u00e0-vis du fondateur. Afin de pouvoir effectuer une telle fondation, la raison individuelle doit g\u00e9rer une double comptabilit\u00e9, ainsi qu\u2019un bilan de cl\u00f4ture, lesquels devront \u00eatre contr\u00f4l\u00e9 par un r\u00e9viseur accr\u00e9dit\u00e9s. Lors de la reprise de biens, la valeur reprise ainsi que le nom de la personne qui transmet les biens seront inscrits dans le registre du commerce.<\/p>\n<p>Comme \u00e9nonc\u00e9 pr\u00e9c\u00e9demment, dans les deux cas la raison individuelle est dissoute, lorsque toutes ses composantes sont transmises \u00e0 la nouvelle SA ou S\u00e0rl. Il est \u00e9videmment possible de ne transformer qu\u2019une petite partie de la soci\u00e9t\u00e9 anonyme. Dans ce cas, la raison individuelle pourra continuer son activit\u00e9 \u00e9conomique en parall\u00e8le.<\/p>\n","protected":false},"excerpt":{"rendered":"<p>Transformation d\u2019une raison individuelle en SA ou S\u00e0rl \u2013 point de vue du droit civil<\/p>\n","protected":false},"author":7,"featured_media":0,"comment_status":"closed","ping_status":"closed","sticky":false,"template":"","format":"standard","meta":{"content-type":"","jetpack_post_was_ever_published":false,"_jetpack_newsletter_access":"","_jetpack_dont_email_post_to_subs":false,"_jetpack_newsletter_tier_id":0,"footnotes":"","jetpack_publicize_message":"","jetpack_publicize_feature_enabled":true,"jetpack_social_post_already_shared":false,"jetpack_social_options":{"image_generator_settings":{"template":"highway","enabled":false}}},"categories":[6,5,3,4],"tags":[403,404,27],"jetpack_publicize_connections":[],"aioseo_notices":[],"views":14093,"jetpack_featured_media_url":"","jetpack_sharing_enabled":true,"jetpack_shortlink":"https:\/\/wp.me\/p7y0qY-1D","_links":{"self":[{"href":"https:\/\/blog.startups.ch\/fr\/wp-json\/wp\/v2\/posts\/101"}],"collection":[{"href":"https:\/\/blog.startups.ch\/fr\/wp-json\/wp\/v2\/posts"}],"about":[{"href":"https:\/\/blog.startups.ch\/fr\/wp-json\/wp\/v2\/types\/post"}],"author":[{"embeddable":true,"href":"https:\/\/blog.startups.ch\/fr\/wp-json\/wp\/v2\/users\/7"}],"replies":[{"embeddable":true,"href":"https:\/\/blog.startups.ch\/fr\/wp-json\/wp\/v2\/comments?post=101"}],"version-history":[{"count":3,"href":"https:\/\/blog.startups.ch\/fr\/wp-json\/wp\/v2\/posts\/101\/revisions"}],"predecessor-version":[{"id":3406,"href":"https:\/\/blog.startups.ch\/fr\/wp-json\/wp\/v2\/posts\/101\/revisions\/3406"}],"wp:attachment":[{"href":"https:\/\/blog.startups.ch\/fr\/wp-json\/wp\/v2\/media?parent=101"}],"wp:term":[{"taxonomy":"category","embeddable":true,"href":"https:\/\/blog.startups.ch\/fr\/wp-json\/wp\/v2\/categories?post=101"},{"taxonomy":"post_tag","embeddable":true,"href":"https:\/\/blog.startups.ch\/fr\/wp-json\/wp\/v2\/tags?post=101"}],"curies":[{"name":"wp","href":"https:\/\/api.w.org\/{rel}","templated":true}]}}