{"id":10073,"date":"2021-09-02T09:48:32","date_gmt":"2021-09-02T07:48:32","guid":{"rendered":"https:\/\/blog.startups.ch\/fr\/?p=10073"},"modified":"2021-09-02T09:48:35","modified_gmt":"2021-09-02T07:48:35","slug":"rapport-sur-les-creations-dentreprises-pour-le-mois-daout-2021-les-chiffres-sont-au-plus-bas","status":"publish","type":"post","link":"https:\/\/blog.startups.ch\/fr\/2021\/09\/02\/rapport-sur-les-creations-dentreprises-pour-le-mois-daout-2021-les-chiffres-sont-au-plus-bas\/","title":{"rendered":"Rapport sur les cr\u00e9ations d\u2019entreprises pour le mois d\u2019ao\u00fbt 2021 : Les chiffres sont au plus bas !"},"content":{"rendered":"\n<div dir=\"auto\">\n<h2>En ao\u00fbt 2021, un total de 3\u2019240 entreprises ont \u00e9t\u00e9 cr\u00e9\u00e9es en Suisse. Le nombre de cr\u00e9ations d&#8217;entreprises a diminu\u00e9 de 26,94% par rapport \u00e0 juillet 2021 et de 2,61% par rapport \u00e0 ao\u00fbt 2020.<\/h2>\n<figure><img loading=\"lazy\" decoding=\"async\" class=\"alignnone size-full wp-image-10074\" src=\"https:\/\/i0.wp.com\/blog.startups.ch\/fr\/wp-content\/uploads\/2021\/09\/FR-Aug21-Die-Entwicklung-im-zeitlichen-Verlauf-Handelsregistereintragungen.png?resize=940%2C788&#038;ssl=1\" alt=\"Cr\u00e9ations d'entreprises\" width=\"940\" height=\"788\"  data-recalc-dims=\"1\"><\/figure><p><\/p>\n<\/div>\n\n\n\n<!--more-->\n\n\n\n<div dir=\"auto\">\n<h3><strong>Seulement 3&#8217;000 cr\u00e9ations d\u2019entreprises en ao\u00fbt<\/strong><\/h3>\n<p>Comme chaque ann\u00e9e, le nombre de cr\u00e9ations d&#8217;entreprises a sensiblement diminu\u00e9 ce mois d&#8217;ao\u00fbt. Au total, on note 3\u2019240 nouvelles inscriptions au registre du commerce. Par rapport \u00e0 juillet 2021, le nombre de cr\u00e9ations a donc diminu\u00e9 de 1\u2019195 cr\u00e9ations (-26,94%). Par rapport \u00e0 ao\u00fbt 2020, la diminution s&#8217;\u00e9l\u00e8ve \u00e0 87 cr\u00e9ations (-2,61%). Cette baisse touche toutes les r\u00e9gions linguistiques. Par rapport au mois pr\u00e9c\u00e9dent, la Suisse al\u00e9manique enregistre 716 (-24,36%) cr\u00e9ations de moins, la Suisse romande -419 (-32,11%) et le Tessin -60 (-31,41%). Par rapport \u00e0 l&#8217;ann\u00e9e pr\u00e9c\u00e9dente, on observe un recul de 12 cr\u00e9ations (-0,54%) en Suisse al\u00e9manique, de 49 cr\u00e9ations (-5,24%) en Suisse romande et de 26 cr\u00e9ations (-16,56%) au Tessin.<\/p>\n<h3><strong>Un recul important en comparaison au mois pr\u00e9c\u00e9dent<\/strong><\/h3>\n<p>Par rapport \u00e0 juillet 2021, le nombre de cr\u00e9ations d&#8217;entreprises a sensiblement diminu\u00e9 dans presque tous les cantons. En ce qui concerne les cantons leaders en mati\u00e8re de cr\u00e9ations, on constate une diminution de 86 cr\u00e9ations en Argovie (-31,05%), de 111 cr\u00e9ations \u00e0 Berne (-31,01%), de 40 cr\u00e9ations \u00e0 Gen\u00e8ve (-11,83%), de 70 cr\u00e9ations \u00e0 Lucerne (-35. 35%), de 66 \u00e0 Saint-Gall (-27,05%), de 60 au Tessin (-31,41%), de 123 dans le canton de Vaud (-28,15%), de 21 \u00e0 Zoug (-7,98%) et de 163 \u00e0 Zurich (-20,74%). Le recul le plus important proportionnellement parlant revient au canton du Jura avec 21 cr\u00e9ations de moins (-63,64%). Seuls les cantons d&#8217;Appenzell Rhodes-Int\u00e9rieures (+3 cr\u00e9ations ou +50,00%) et de Schaffhouse (+12 cr\u00e9ations ou +44,44%) affichent une augmentation.<\/p>\n<h3><strong>Chiffres similaires \u00e0 l\u2019ann\u00e9e pass\u00e9e<\/strong><\/h3>\n<p>En comparant avec les cr\u00e9ations d\u2019ao\u00fbt 2020, on remarque tr\u00e8s peu de changement. Parmi les cantons leaders, Argovie (-20 cr\u00e9ations ou -9,48%), Lucerne (-23 cr\u00e9ations ou -15,23%), Saint-Gall (-6 cr\u00e9ations ou -3,26%), le Tessin (-26 cr\u00e9ations ou -16,56%) et Vaud (-12 cr\u00e9ations ou -3,68%) ont enregistr\u00e9 de l\u00e9g\u00e8res baisses. En revanche, le nombre de cr\u00e9ations a augment\u00e9 dans les cantons de Berne (+1 cr\u00e9ation ou +0,41%), Gen\u00e8ve (+21 cr\u00e9ations ou +7,58%), Zoug (+43 cr\u00e9ations ou +21,61%) et Zurich (+17 cr\u00e9ations ou +2,81%). Dans les cantons d&#8217;Appenzell Rhodes-Int\u00e9rieures, d&#8217;Appenzell Rhodes-Ext\u00e9rieures, du Jura et de Nidwald, les chiffres sont identiques \u00e0 ceux de l&#8217;ann\u00e9e pr\u00e9c\u00e9dente.<\/p>\n<p>Cette diminution n&#8217;est pas pr\u00e9occupante. En effet, le nombre de cr\u00e9ations d\u2019entreprises n\u2019est jamais tr\u00e8s \u00e9lev\u00e9 en ao\u00fbt. Les chiffrent montrent que le nombre de cr\u00e9ations d&#8217;entreprises augmente g\u00e9n\u00e9ralement vers la fin de l&#8217;ann\u00e9e.<\/p>\n<p>&nbsp;<\/p>\n<\/div>\n\n\n\n<table class=\"wp-block-table is-style-stripes\"><tbody><tr><td>\n<p>&nbsp;<\/p>\n<\/td><td>\n<p><strong>\u00c9volution par rapport au mois pr\u00e9c\u00e9dent (absolu)<\/strong><\/p>\n<\/td><td>\n<p><strong>\u00c9volution par rapport \u00e0 l\u2019ann\u00e9e pr\u00e9c\u00e9dente (absolu)<\/strong><\/p>\n<\/td><td>\n<p><strong>\u00c9volution par rapport au mois pr\u00e9c\u00e9dent (relatif)<\/strong><\/p>\n<\/td><td>\n<p><strong>\u00c9volution par rapport \u00e0 l\u2019ann\u00e9e pr\u00e9c\u00e9dente (relatif)<\/strong><\/p>\n<\/td><\/tr><tr><td>\n<p>AG<\/p>\n<\/td><td>\n<p>-86<\/p>\n<\/td><td>\n<p>-20<\/p>\n<\/td><td>\n<p>-31.05%<\/p>\n<\/td><td>\n<p>-9.48%<\/p>\n<\/td><\/tr><tr><td>\n<p>AI<\/p>\n<\/td><td>\n<p>3<\/p>\n<\/td><td>\n<p>0<\/p>\n<\/td><td>\n<p>50.00%<\/p>\n<\/td><td>\n<p>0.00%<\/p>\n<\/td><\/tr><tr><td>\n<p>AR<\/p>\n<\/td><td>\n<p>-16<\/p>\n<\/td><td>\n<p>0<\/p>\n<\/td><td>\n<p>-43.24%<\/p>\n<\/td><td>\n<p>0.00%<\/p>\n<\/td><\/tr><tr><td>\n<p>BE<\/p>\n<\/td><td>\n<p>-111<\/p>\n<\/td><td>\n<p>1<\/p>\n<\/td><td>\n<p>-31.01%<\/p>\n<\/td><td>\n<p>0.41%<\/p>\n<\/td><\/tr><tr><td>\n<p>BL<\/p>\n<\/td><td>\n<p>-4<\/p>\n<\/td><td>\n<p>-5<\/p>\n<\/td><td>\n<p>-3.81%<\/p>\n<\/td><td>\n<p>-4.72%<\/p>\n<\/td><\/tr><tr><td>\n<p>BS<\/p>\n<\/td><td>\n<p>-19<\/p>\n<\/td><td>\n<p>3<\/p>\n<\/td><td>\n<p>-18.45%<\/p>\n<\/td><td>\n<p>3.70%<\/p>\n<\/td><\/tr><tr><td>\n<p>FR<\/p>\n<\/td><td>\n<p>-79<\/p>\n<\/td><td>\n<p>-25<\/p>\n<\/td><td>\n<p>-47.024%<\/p>\n<\/td><td>\n<p>-21.93%<\/p>\n<\/td><\/tr><tr><td>\n<p>GE<\/p>\n<\/td><td>\n<p>-40<\/p>\n<\/td><td>\n<p>21<\/p>\n<\/td><td>\n<p>-11.834%<\/p>\n<\/td><td>\n<p>7.58%<\/p>\n<\/td><\/tr><tr><td>\n<p>GL<\/p>\n<\/td><td>\n<p>0<\/p>\n<\/td><td>\n<p>2<\/p>\n<\/td><td>\n<p>0.00%<\/p>\n<\/td><td>\n<p>15.38%<\/p>\n<\/td><\/tr><tr><td>\n<p>GR<\/p>\n<\/td><td>\n<p>-12<\/p>\n<\/td><td>\n<p>11<\/p>\n<\/td><td>\n<p>-14.81%<\/p>\n<\/td><td>\n<p>18.97%<\/p>\n<\/td><\/tr><tr><td>\n<p>JU<\/p>\n<\/td><td>\n<p>-21<\/p>\n<\/td><td>\n<p>0<\/p>\n<\/td><td>\n<p>-63.64%<\/p>\n<\/td><td>\n<p>0.00%<\/p>\n<\/td><\/tr><tr><td>\n<p>LU<\/p>\n<\/td><td>\n<p>-70<\/p>\n<\/td><td>\n<p>-23<\/p>\n<\/td><td>\n<p>-35.354%<\/p>\n<\/td><td>\n<p>-15.23%<\/p>\n<\/td><\/tr><tr><td>\n<p>NE<\/p>\n<\/td><td>\n<p>-39<\/p>\n<\/td><td>\n<p>-13<\/p>\n<\/td><td>\n<p>-50.65%<\/p>\n<\/td><td>\n<p>-25.49%<\/p>\n<\/td><\/tr><tr><td>\n<p>NW<\/p>\n<\/td><td>\n<p>-4<\/p>\n<\/td><td>\n<p>0<\/p>\n<\/td><td>\n<p>-18.18%<\/p>\n<\/td><td>\n<p>0.00%<\/p>\n<\/td><\/tr><tr><td>\n<p>OW<\/p>\n<\/td><td>\n<p>-17<\/p>\n<\/td><td>\n<p>-13<\/p>\n<\/td><td>\n<p>-62.96%<\/p>\n<\/td><td>\n<p>-56.52%<\/p>\n<\/td><\/tr><tr><td>\n<p>SG<\/p>\n<\/td><td>\n<p>-66<\/p>\n<\/td><td>\n<p>-6<\/p>\n<\/td><td>\n<p>-27.05%<\/p>\n<\/td><td>\n<p>-3.26%<\/p>\n<\/td><\/tr><tr><td>\n<p>SH<\/p>\n<\/td><td>\n<p>12<\/p>\n<\/td><td>\n<p>8<\/p>\n<\/td><td>\n<p>44.44%<\/p>\n<\/td><td>\n<p>25.81%<\/p>\n<\/td><\/tr><tr><td>\n<p>SO<\/p>\n<\/td><td>\n<p>-15<\/p>\n<\/td><td>\n<p>-12<\/p>\n<\/td><td>\n<p>-17.44%<\/p>\n<\/td><td>\n<p>-14.46%<\/p>\n<\/td><\/tr><tr><td>\n<p>SZ<\/p>\n<\/td><td>\n<p>-80<\/p>\n<\/td><td>\n<p>-28<\/p>\n<\/td><td>\n<p>-52.29%<\/p>\n<\/td><td>\n<p>-27.72%<\/p>\n<\/td><\/tr><tr><td>\n<p>TG<\/p>\n<\/td><td>\n<p>-47<\/p>\n<\/td><td>\n<p>9<\/p>\n<\/td><td>\n<p>-33.33%<\/p>\n<\/td><td>\n<p>10.59%<\/p>\n<\/td><\/tr><tr><td>\n<p>TI<\/p>\n<\/td><td>\n<p>-60<\/p>\n<\/td><td>\n<p>-26<\/p>\n<\/td><td>\n<p>-31.41%<\/p>\n<\/td><td>\n<p>-16.56%<\/p>\n<\/td><\/tr><tr><td>\n<p>UR<\/p>\n<\/td><td>\n<p>0<\/p>\n<\/td><td>\n<p>1<\/p>\n<\/td><td>\n<p>0.00%<\/p>\n<\/td><td>\n<p>11.11%<\/p>\n<\/td><\/tr><tr><td>\n<p>VD<\/p>\n<\/td><td>\n<p>-123<\/p>\n<\/td><td>\n<p>-12<\/p>\n<\/td><td>\n<p>-28.146%<\/p>\n<\/td><td>\n<p>-3.68%<\/p>\n<\/td><\/tr><tr><td>\n<p>VS<\/p>\n<\/td><td>\n<p>-117<\/p>\n<\/td><td>\n<p>-20<\/p>\n<\/td><td>\n<p>-46.43%<\/p>\n<\/td><td>\n<p>-12.90%<\/p>\n<\/td><\/tr><tr><td>\n<p>ZG<\/p>\n<\/td><td>\n<p>-21<\/p>\n<\/td><td>\n<p>43<\/p>\n<\/td><td>\n<p>-7.98%<\/p>\n<\/td><td>\n<p>21.61%<\/p>\n<\/td><\/tr><tr><td>\n<p>ZH<\/p>\n<\/td><td>\n<p>-163<\/p>\n<\/td><td>\n<p>17<\/p>\n<\/td><td>\n<p>-20.74%<\/p>\n<\/td><td>\n<p>2.81%<\/p>\n<\/td><\/tr><tr><td>\n<p><strong>CH<\/strong><\/p>\n<\/td><td>\n<p><strong>-1195<\/strong><\/p>\n<\/td><td>\n<p><strong>-87<\/strong><\/p>\n<\/td><td>\n<p><strong>-26.94%<\/strong><\/p>\n<\/td><td>\n<p><strong>-2.61%<\/strong><\/p>\n<\/td><\/tr><\/tbody><\/table>\n\n\n\n<div dir=\"auto\">&nbsp;<\/div>\n\n\n<p>Vous avez une id\u00e9e d\u2019entreprise innovante que vous souhaitez mettre en \u0153uvre ? Les experts de STARTUPS.CH sont \u00e0 votre disposition et vous accompagneront dans votre ind\u00e9pendance professionnelle.<\/p>\n\n\n<div dir=\"auto\">&nbsp;<\/div>\n\n\n\n<div dir=\"auto\">Se lancer en tant que <a href=\"https:\/\/bit.ly\/3fccZuN\">Mompreneur<\/a><\/div>\n\n\n\n<div dir=\"auto\">Se lancer en tant que <a href=\"https:\/\/bit.ly\/2UFV71N\">Dadpreneur<\/a><\/div>\n\n\n\n<div dir=\"auto\">Se lancer en tant <a href=\"https:\/\/bit.ly\/35JYyLi\">Seniorpreneur<\/a><\/div>\n\n\n\n<div dir=\"auto\">Se lancer en tant que <a href=\"https:\/\/bit.ly\/2UEHhwy\">Youngpreneur<\/a><\/div>\n\n\n\n<p><a class=\"postButton\" href=\"https:\/\/www.startups.ch\/fr\/home\" target=\"_blank\" rel=\"noopener noreferrer\">\u00bb STARTUPS.CH<\/a>&nbsp;<a class=\"postButton\" href=\"https:\/\/www.startups.ch\/fr\/services\/creation-entreprise\" target=\"_blank\" rel=\"noopener noreferrer\">\u00bb Cr\u00e9er une entreprise<\/a><\/p>\n","protected":false},"excerpt":{"rendered":"<p>En ao\u00fbt 2021, un total de 3\u2019240 entreprises ont \u00e9t\u00e9 cr\u00e9\u00e9es en Suisse. Le nombre de cr\u00e9ations d&#8217;entreprises a diminu\u00e9 de 26,94% par rapport \u00e0 juillet 2021 et de 2,61% par rapport \u00e0 ao\u00fbt 2020.<\/p>\n","protected":false},"author":1,"featured_media":0,"comment_status":"open","ping_status":"open","sticky":false,"template":"","format":"standard","meta":{"content-type":"","jetpack_post_was_ever_published":false,"_jetpack_newsletter_access":"","_jetpack_dont_email_post_to_subs":false,"_jetpack_newsletter_tier_id":0,"footnotes":"","jetpack_publicize_message":"","jetpack_publicize_feature_enabled":true,"jetpack_social_post_already_shared":true,"jetpack_social_options":{"image_generator_settings":{"template":"highway","enabled":false}}},"categories":[228],"tags":[],"jetpack_publicize_connections":[],"aioseo_notices":[],"views":443,"jetpack_featured_media_url":"","jetpack_sharing_enabled":true,"jetpack_shortlink":"https:\/\/wp.me\/p7y0qY-2Ct","_links":{"self":[{"href":"https:\/\/blog.startups.ch\/fr\/wp-json\/wp\/v2\/posts\/10073"}],"collection":[{"href":"https:\/\/blog.startups.ch\/fr\/wp-json\/wp\/v2\/posts"}],"about":[{"href":"https:\/\/blog.startups.ch\/fr\/wp-json\/wp\/v2\/types\/post"}],"author":[{"embeddable":true,"href":"https:\/\/blog.startups.ch\/fr\/wp-json\/wp\/v2\/users\/1"}],"replies":[{"embeddable":true,"href":"https:\/\/blog.startups.ch\/fr\/wp-json\/wp\/v2\/comments?post=10073"}],"version-history":[{"count":6,"href":"https:\/\/blog.startups.ch\/fr\/wp-json\/wp\/v2\/posts\/10073\/revisions"}],"predecessor-version":[{"id":10080,"href":"https:\/\/blog.startups.ch\/fr\/wp-json\/wp\/v2\/posts\/10073\/revisions\/10080"}],"wp:attachment":[{"href":"https:\/\/blog.startups.ch\/fr\/wp-json\/wp\/v2\/media?parent=10073"}],"wp:term":[{"taxonomy":"category","embeddable":true,"href":"https:\/\/blog.startups.ch\/fr\/wp-json\/wp\/v2\/categories?post=10073"},{"taxonomy":"post_tag","embeddable":true,"href":"https:\/\/blog.startups.ch\/fr\/wp-json\/wp\/v2\/tags?post=10073"}],"curies":[{"name":"wp","href":"https:\/\/api.w.org\/{rel}","templated":true}]}}