{"id":1004,"date":"2012-11-10T08:06:02","date_gmt":"2012-11-10T06:06:02","guid":{"rendered":"http:\/\/blog.startups.ch\/fr\/?p=1004"},"modified":"2013-03-26T14:22:58","modified_gmt":"2013-03-26T12:22:58","slug":"allocations-familiales-janvier-2013","status":"publish","type":"post","link":"https:\/\/blog.startups.ch\/fr\/2012\/11\/10\/allocations-familiales-janvier-2013\/","title":{"rendered":"Allocations familiales pour les ind\u00e9pendants d\u00e8s le 1er janvier 2013"},"content":{"rendered":"<p><strong>En Suisse, d\u00e8s le 1<sup>er<\/sup> janvier 2013, les ind\u00e9pendants auront droit \u00e0 des allocations familiales. Cette lacune va finalement \u00eatre combl\u00e9e!<\/strong><\/p>\n<p><!--more--><\/p>\n<p style=\"text-align: center;\"><a href=\"https:\/\/i0.wp.com\/blog.startups.ch\/fr\/wp-content\/uploads\/2008\/09\/AWARD-gross.jpg\"><img loading=\"lazy\" decoding=\"async\" class=\"aligncenter size-full wp-image-1072\" alt=\"allocations familiales\" src=\"https:\/\/i0.wp.com\/blog.startups.ch\/fr\/wp-content\/uploads\/2008\/09\/AWARD-gross.jpg?resize=690%2C348\" width=\"690\" height=\"348\" srcset=\"https:\/\/i0.wp.com\/blog.startups.ch\/fr\/wp-content\/uploads\/2008\/09\/AWARD-gross.jpg?w=690&amp;ssl=1 690w, https:\/\/i0.wp.com\/blog.startups.ch\/fr\/wp-content\/uploads\/2008\/09\/AWARD-gross.jpg?resize=300%2C151&amp;ssl=1 300w\" sizes=\"(max-width: 690px) 100vw, 690px\" data-recalc-dims=\"1\" \/><\/a><\/p>\n<p><strong>Augmentation des cotisations d\u00e8s le 1<sup>er<\/sup> janvier 2013<\/strong><\/p>\n<p>D\u00e8s le 1<sup>er<\/sup> janvier 2013, les ind\u00e9pendants devront payer une cotisation au pourcentage de leur revenu soumis \u00e0 l\u2019AVS jusqu\u2019\u00e0 hauteur de CHF 126&#8217;000 afin de financer les cotisations familiales.<\/p>\n<p><strong>Qui pourra d\u00e9sormais toucher des cotisations familiales\u00a0?<\/strong><\/p>\n<p>Si un des parents touche d\u00e9j\u00e0 des allocations familiales, il n\u2019y a rien \u00e0 entreprendre.<\/p>\n<p>Effectivement, la loi n\u2019autorise qu\u2019une cotisation par enfant. Si plusieurs personnes se disputent la cotisation, la priorit\u00e9 sera r\u00e9gl\u00e9e d\u00e8s 2013 \u00e0 l&#8217;aide des questions suivantes\u00a0:<\/p>\n<ul>\n<li>Qui touche un salaire (ind\u00e9pendant ou non)\u00a0?<\/li>\n<li>Qui d\u00e9tient l\u2019autorit\u00e9 parentale ou qui r\u00e9pond de l\u2019enfant jusqu\u2019\u00e0 sa majorit\u00e9\u00a0?<\/li>\n<li>Qui vit principalement avec l\u2019enfant\u00a0?<\/li>\n<li>Qui peut toucher une cotisation dans le canton de domicile de l\u2019enfant\u00a0?<\/li>\n<li>Qui d\u00e9clare le revenu AVS le plus important de son activit\u00e9 ind\u00e9pendante\u00a0?<\/li>\n<li>Qui d\u00e9clare le revenu AVS le plus important de son activit\u00e9 en tant qu\u2019employ\u00e9\u00a0?<\/li>\n<\/ul>\n","protected":false},"excerpt":{"rendered":"<p>En Suisse, d\u00e8s le 1er janvier 2013, les ind\u00e9pendants auront droit \u00e0 des allocations familiales. Cette lacune va finalement \u00eatre combl\u00e9e!<\/p>\n","protected":false},"author":7,"featured_media":0,"comment_status":"closed","ping_status":"closed","sticky":false,"template":"","format":"standard","meta":{"content-type":"","jetpack_post_was_ever_published":false,"_jetpack_newsletter_access":"","_jetpack_dont_email_post_to_subs":false,"_jetpack_newsletter_tier_id":0,"footnotes":"","jetpack_publicize_message":"","jetpack_publicize_feature_enabled":true,"jetpack_social_post_already_shared":false,"jetpack_social_options":{"image_generator_settings":{"template":"highway","enabled":false}}},"categories":[13,12,9],"tags":[243,136],"jetpack_publicize_connections":[],"aioseo_notices":[],"views":1812,"jetpack_featured_media_url":"","jetpack_sharing_enabled":true,"jetpack_shortlink":"https:\/\/wp.me\/p7y0qY-gc","_links":{"self":[{"href":"https:\/\/blog.startups.ch\/fr\/wp-json\/wp\/v2\/posts\/1004"}],"collection":[{"href":"https:\/\/blog.startups.ch\/fr\/wp-json\/wp\/v2\/posts"}],"about":[{"href":"https:\/\/blog.startups.ch\/fr\/wp-json\/wp\/v2\/types\/post"}],"author":[{"embeddable":true,"href":"https:\/\/blog.startups.ch\/fr\/wp-json\/wp\/v2\/users\/7"}],"replies":[{"embeddable":true,"href":"https:\/\/blog.startups.ch\/fr\/wp-json\/wp\/v2\/comments?post=1004"}],"version-history":[{"count":8,"href":"https:\/\/blog.startups.ch\/fr\/wp-json\/wp\/v2\/posts\/1004\/revisions"}],"predecessor-version":[{"id":1516,"href":"https:\/\/blog.startups.ch\/fr\/wp-json\/wp\/v2\/posts\/1004\/revisions\/1516"}],"wp:attachment":[{"href":"https:\/\/blog.startups.ch\/fr\/wp-json\/wp\/v2\/media?parent=1004"}],"wp:term":[{"taxonomy":"category","embeddable":true,"href":"https:\/\/blog.startups.ch\/fr\/wp-json\/wp\/v2\/categories?post=1004"},{"taxonomy":"post_tag","embeddable":true,"href":"https:\/\/blog.startups.ch\/fr\/wp-json\/wp\/v2\/tags?post=1004"}],"curies":[{"name":"wp","href":"https:\/\/api.w.org\/{rel}","templated":true}]}}