{"id":10033,"date":"2021-08-12T08:38:52","date_gmt":"2021-08-12T06:38:52","guid":{"rendered":"https:\/\/blog.startups.ch\/fr\/?p=10033"},"modified":"2021-08-12T08:38:53","modified_gmt":"2021-08-12T06:38:53","slug":"rapport-sur-les-creations-dentreprises-pour-le-mois-de-juillet-2021-baisse-dans-les-chiffres","status":"publish","type":"post","link":"https:\/\/blog.startups.ch\/fr\/2021\/08\/12\/rapport-sur-les-creations-dentreprises-pour-le-mois-de-juillet-2021-baisse-dans-les-chiffres\/","title":{"rendered":"Rapport sur les cr\u00e9ations d\u2019entreprises pour le mois de juillet 2021 : baisse dans les chiffres"},"content":{"rendered":"\n<h2 class=\"wp-block-heading\">En juillet 2021, 4\u2019435 entreprises ont \u00e9t\u00e9 cr\u00e9\u00e9es en Suisse. Le nombre de cr\u00e9ations d&#8217;entreprises a diminu\u00e9 de 10,24 % par rapport \u00e0 juin 2021 et de 2,74 % par rapport \u00e0 juillet 2020.<\/h2>\n\n\n\n<p><\/p>\n\n\n\n<figure class=\"wp-block-image\"><img loading=\"lazy\" decoding=\"async\" width=\"940\" height=\"788\" src=\"https:\/\/i0.wp.com\/blog.startups.ch\/fr\/wp-content\/uploads\/2021\/08\/FR-Jul21-Die-Entwicklung-im-zeitlichen-Verlauf-Handelsregistereintragungen.png?resize=940%2C788&#038;ssl=1\" alt=\"\" class=\"wp-image-10034\" data-recalc-dims=\"1\"\/><\/figure>\n\n\n\n<h3 class=\"wp-block-heading\">Image globale affichant une baisse dans les cr\u00e9ations<\/h3>\n\n\n\n<p>La Suisse a enregistr\u00e9 un total de 4\u2019435 cr\u00e9ations d&#8217;entreprises en juillet 2021. Par rapport au mois pr\u00e9c\u00e9dent et \u00e0 l&#8217;ann\u00e9e pr\u00e9c\u00e9dente, le nombre de cr\u00e9ations d&#8217;entreprises a diminu\u00e9. La baisse est de 506 cr\u00e9ations (-10,24 %) par rapport \u00e0 juin 2021 et de 125 cr\u00e9ations (-2,74 %) par rapport \u00e0 juillet 2020. Toutes les r\u00e9gions linguistiques affichent \u00e9galement un recul. Par rapport au mois pr\u00e9c\u00e9dent, le nombre de cr\u00e9ations d&#8217;entreprises a diminu\u00e9 de 469 (-13,76%) en Suisse al\u00e9manique, de 2 (-0,15%) en Suisse romande et de 35 (-15,49%) au Tessin. Par rapport \u00e0 l&#8217;ann\u00e9e pr\u00e9c\u00e9dente, on remarque 34 cr\u00e9ations (-1,14%) de moins en Suisse al\u00e9manique, 70 de moins (-5,09%) en Suisse romande et 21 de moins (-9,91%) au Tessin.<\/p>\n\n\n\n<h3 class=\"wp-block-heading\">Le nombre de cr\u00e9ations a augment\u00e9 dans huit cantons par rapport \u00e0 juin 2021<\/h3>\n\n\n\n<p>Par rapport \u00e0 juin 2021, le nombre de cr\u00e9ations d\u2019entreprises a diminu\u00e9 dans la plupart des cantons. Parmi les cantons affichant g\u00e9n\u00e9ralement le plus grand nombre de cr\u00e9ations, les cantons d&#8217;Argovie (-57 cr\u00e9ations, soit -17,07%), de Berne (-123 cr\u00e9ations, soit -25,57%), de Gen\u00e8ve (-86 cr\u00e9ations, soit -20,28%), de Lucerne (-15 cr\u00e9ations, soit -7,04%), de Saint-Gall (-45 cr\u00e9ations ou -15,57%), du Tessin (-35 cr\u00e9ations ou -15,49%), de Zoug (-79 cr\u00e9ations ou -23,10) et de Zurich (-27 cr\u00e9ations ou -3,32%). En pourcentage, c&#8217;est dans le canton de Schaffhouse que la baisse est la plus forte, avec 39 cr\u00e9ations de moins (-59,09%). Seuls les cantons d&#8217;Appenzell Rhodes-Ext\u00e9rieures (+10 cr\u00e9ations ou +37,04%), de Fribourg (+25 cr\u00e9ations ou +17,48%), de Glaris (+4 cr\u00e9ations ou +36,36%), d&#8217;Obwald (+7 cr\u00e9ations ou +35. 00%), de Schwyz (+12 cr\u00e9ations ou +8,51%), Thurgovie (+17 cr\u00e9ations ou +13,71%), Vaud (+19 cr\u00e9ations ou +4,55%) et Valais (+52 cr\u00e9ations ou +26,00%).<\/p>\n\n\n\n<h3 class=\"wp-block-heading\">Chiffres verts dans seulement sept cantons par rapport \u00e0 2020<\/h3>\n\n\n\n<p>La comparaison avec les chiffres de juillet 2020 affiche une image similaire. Parmi les cantons leaders en mati\u00e8re de cr\u00e9ations d&#8217;entreprises, on retrouve Argovie (-24 cr\u00e9ations ou -7,97%), Berne (-10 cr\u00e9ations ou -2,72%), Gen\u00e8ve (-32 cr\u00e9ations ou -8,65%), Lucerne (-6 cr\u00e9ations ou -7,97%), Saint-Gall (-17 ou -6,51%), Tessin (-21 ou -9,91%) et Vaud (-31 ou -6,62%). Le recul est proportionnellement plus important dans le canton d&#8217;Appenzell Rhodes-Int\u00e9rieures, avec 6 cr\u00e9ations de moins (-50,00%). Le nombre de cr\u00e9ations a augment\u00e9 uniquement dans les cantons de B\u00e2le-Campagne (+cr\u00e9ations ou +20,69%), du Jura (+1 cr\u00e9ation ou +3,13%), d&#8217;Obwald (+7 cr\u00e9ations ou +35,00%), de Schwyz (+25 cr\u00e9ations ou +19,53%), du Valais (+41 cr\u00e9ations ou +19,43%), de Zoug (+25 cr\u00e9ations ou +10,50%) et de Zurich (+9 cr\u00e9ations ou +1,16%).<\/p>\n\n\n\n<table class=\"wp-block-table is-style-stripes\"><tbody><tr><td>\n<p>&nbsp;<\/p>\n<\/td><td>\n<p><strong>\u00c9volution par rapport au mois pr\u00e9c\u00e9dent (absolu)<\/strong><\/p>\n<\/td><td>\n<p><strong>\u00c9volution par rapport \u00e0 l&#8217;ann\u00e9e pr\u00e9c\u00e9dente (absolu)<\/strong><\/p>\n<\/td><td>\n<p><strong>\u00c9volution par rapport au mois pr\u00e9c\u00e9dent (relatif)<\/strong><\/p>\n<\/td><td>\n<p><strong>\u00c9volution par rapport \u00e0 l&#8217;ann\u00e9e pr\u00e9c\u00e9dente (relatif)<\/strong><\/p>\n<\/td><\/tr><tr><td>\n<p>AG<\/p>\n<\/td><td>\n<p>-57<\/p>\n<\/td><td>\n<p>-24<\/p>\n<\/td><td>\n<p>-17.07%<\/p>\n<\/td><td>\n<p>-7.97%<\/p>\n<\/td><\/tr><tr><td>\n<p>AI<\/p>\n<\/td><td>\n<p>-6<\/p>\n<\/td><td>\n<p>-6<\/p>\n<\/td><td>\n<p>-50.00%<\/p>\n<\/td><td>\n<p>-50.00%<\/p>\n<\/td><\/tr><tr><td>\n<p>AR<\/p>\n<\/td><td>\n<p>10<\/p>\n<\/td><td>\n<p>-5<\/p>\n<\/td><td>\n<p>37.037%<\/p>\n<\/td><td>\n<p>-11.90%<\/p>\n<\/td><\/tr><tr><td>\n<p>BE<\/p>\n<\/td><td>\n<p>-123<\/p>\n<\/td><td>\n<p>-10<\/p>\n<\/td><td>\n<p>-25.57%<\/p>\n<\/td><td>\n<p>-2.72%<\/p>\n<\/td><\/tr><tr><td>\n<p>BL<\/p>\n<\/td><td>\n<p>-16<\/p>\n<\/td><td>\n<p>18<\/p>\n<\/td><td>\n<p>-13.22%<\/p>\n<\/td><td>\n<p>20.69%<\/p>\n<\/td><\/tr><tr><td>\n<p>BS<\/p>\n<\/td><td>\n<p>-27<\/p>\n<\/td><td>\n<p>-10<\/p>\n<\/td><td>\n<p>-20.77%<\/p>\n<\/td><td>\n<p>-8.85%<\/p>\n<\/td><\/tr><tr><td>\n<p>FR<\/p>\n<\/td><td>\n<p>25<\/p>\n<\/td><td>\n<p>-22<\/p>\n<\/td><td>\n<p>17.48%<\/p>\n<\/td><td>\n<p>-11.58%<\/p>\n<\/td><\/tr><tr><td>\n<p>GE<\/p>\n<\/td><td>\n<p>-86<\/p>\n<\/td><td>\n<p>-32<\/p>\n<\/td><td>\n<p>-20.28%<\/p>\n<\/td><td>\n<p>-8.65%<\/p>\n<\/td><\/tr><tr><td>\n<p>GL<\/p>\n<\/td><td>\n<p>4<\/p>\n<\/td><td>\n<p>0<\/p>\n<\/td><td>\n<p>36.36%<\/p>\n<\/td><td>\n<p>0.00%<\/p>\n<\/td><\/tr><tr><td>\n<p>GR<\/p>\n<\/td><td>\n<p>-32<\/p>\n<\/td><td>\n<p>-13<\/p>\n<\/td><td>\n<p>-28.32%<\/p>\n<\/td><td>\n<p>-13.83%<\/p>\n<\/td><\/tr><tr><td>\n<p>JU<\/p>\n<\/td><td>\n<p>-7<\/p>\n<\/td><td>\n<p>1<\/p>\n<\/td><td>\n<p>-17.50%<\/p>\n<\/td><td>\n<p>3.13%<\/p>\n<\/td><\/tr><tr><td>\n<p>LU<\/p>\n<\/td><td>\n<p>-15<\/p>\n<\/td><td>\n<p>-6<\/p>\n<\/td><td>\n<p>-7.04%<\/p>\n<\/td><td>\n<p>-2.94%<\/p>\n<\/td><\/tr><tr><td>\n<p>NE<\/p>\n<\/td><td>\n<p>-5<\/p>\n<\/td><td>\n<p>-27<\/p>\n<\/td><td>\n<p>-6.10%<\/p>\n<\/td><td>\n<p>-25.96%<\/p>\n<\/td><\/tr><tr><td>\n<p>NW<\/p>\n<\/td><td>\n<p>-14<\/p>\n<\/td><td>\n<p>-3<\/p>\n<\/td><td>\n<p>-38.889%<\/p>\n<\/td><td>\n<p>-12.00%<\/p>\n<\/td><\/tr><tr><td>\n<p>OW<\/p>\n<\/td><td>\n<p>7<\/p>\n<\/td><td>\n<p>7<\/p>\n<\/td><td>\n<p>35.00%<\/p>\n<\/td><td>\n<p>35.00%<\/p>\n<\/td><\/tr><tr><td>\n<p>SG<\/p>\n<\/td><td>\n<p>-45<\/p>\n<\/td><td>\n<p>-17<\/p>\n<\/td><td>\n<p>-15.57%<\/p>\n<\/td><td>\n<p>-6.51%<\/p>\n<\/td><\/tr><tr><td>\n<p>SH<\/p>\n<\/td><td>\n<p>-39<\/p>\n<\/td><td>\n<p>-15<\/p>\n<\/td><td>\n<p>-59.09%<\/p>\n<\/td><td>\n<p>-35.71%<\/p>\n<\/td><\/tr><tr><td>\n<p>SO<\/p>\n<\/td><td>\n<p>-36<\/p>\n<\/td><td>\n<p>-5<\/p>\n<\/td><td>\n<p>-29.51%<\/p>\n<\/td><td>\n<p>-5.49%<\/p>\n<\/td><\/tr><tr><td>\n<p>SZ<\/p>\n<\/td><td>\n<p>12<\/p>\n<\/td><td>\n<p>25<\/p>\n<\/td><td>\n<p>8.51%<\/p>\n<\/td><td>\n<p>19.53%<\/p>\n<\/td><\/tr><tr><td>\n<p>TG<\/p>\n<\/td><td>\n<p>17<\/p>\n<\/td><td>\n<p>-4<\/p>\n<\/td><td>\n<p>13.71%<\/p>\n<\/td><td>\n<p>-2.76%<\/p>\n<\/td><\/tr><tr><td>\n<p>TI<\/p>\n<\/td><td>\n<p>-35<\/p>\n<\/td><td>\n<p>-21<\/p>\n<\/td><td>\n<p>-15.49%<\/p>\n<\/td><td>\n<p>-9.91%<\/p>\n<\/td><\/tr><tr><td>\n<p>UR<\/p>\n<\/td><td>\n<p>-3<\/p>\n<\/td><td>\n<p>0<\/p>\n<\/td><td>\n<p>-23.08%<\/p>\n<\/td><td>\n<p>0.00%<\/p>\n<\/td><\/tr><tr><td>\n<p>VD<\/p>\n<\/td><td>\n<p>19<\/p>\n<\/td><td>\n<p>-31<\/p>\n<\/td><td>\n<p>4.55%<\/p>\n<\/td><td>\n<p>-6.62%<\/p>\n<\/td><\/tr><tr><td>\n<p>VS<\/p>\n<\/td><td>\n<p>52<\/p>\n<\/td><td>\n<p>41<\/p>\n<\/td><td>\n<p>26.00%<\/p>\n<\/td><td>\n<p>19.43%<\/p>\n<\/td><\/tr><tr><td>\n<p>ZG<\/p>\n<\/td><td>\n<p>-79<\/p>\n<\/td><td>\n<p>25<\/p>\n<\/td><td>\n<p>-23.10%<\/p>\n<\/td><td>\n<p>10.50%<\/p>\n<\/td><\/tr><tr><td>\n<p>ZH<\/p>\n<\/td><td>\n<p>-27<\/p>\n<\/td><td>\n<p>9<\/p>\n<\/td><td>\n<p>-3.32%<\/p>\n<\/td><td>\n<p>1.16%<\/p>\n<\/td><\/tr><tr><td>\n<p><strong>CH<\/strong><\/p>\n<\/td><td>\n<p><strong>-506<\/strong><\/p>\n<\/td><td>\n<p><strong>-125<\/strong><\/p>\n<\/td><td>\n<p><strong>-10.24%<\/strong><\/p>\n<\/td><td>\n<p><strong>-2.74%<\/strong><\/p>\n<\/td><\/tr><\/tbody><\/table>\n\n\n\n<p>Vous avez une id\u00e9e d&#8217;entreprise innovante que vous souhaitez mettre en \u0153uvre ? Les experts de STARTUPS.CH sont \u00e0 votre disposition et vous accompagneront dans votre ind\u00e9pendance professionnelle.<\/p>\n\n\n\n<div dir=\"auto\">Se lancer en tant que <a href=\"https:\/\/bit.ly\/3fccZuN\">Mompreneur<\/a><\/div>\n\n\n\n<div dir=\"auto\">Se lancer en tant que <a href=\"https:\/\/bit.ly\/2UFV71N\">Dadpreneur<\/a><\/div>\n\n\n\n<div dir=\"auto\">Se lancer en tant <a href=\"https:\/\/bit.ly\/35JYyLi\">Seniorpreneur<\/a><\/div>\n\n\n\n<div dir=\"auto\">Se lancer en tant que <a href=\"https:\/\/bit.ly\/2UEHhwy\">Youngpreneur<\/a><\/div>\n\n\n\n<p><a class=\"postButton\" href=\"https:\/\/www.startups.ch\/fr\/home\" target=\"_blank\" rel=\"noopener noreferrer\">\u00bb STARTUPS.CH<\/a>&nbsp;<a class=\"postButton\" href=\"https:\/\/www.startups.ch\/fr\/services\/creation-entreprise\" target=\"_blank\" rel=\"noopener noreferrer\">\u00bb Cr\u00e9er une entreprise<\/a><\/p>\n","protected":false},"excerpt":{"rendered":"<p>En juillet 2021, 4\u2019435 entreprises ont \u00e9t\u00e9 cr\u00e9\u00e9es en Suisse. Le nombre de cr\u00e9ations d&#8217;entreprises a diminu\u00e9 de 10,24 % par rapport \u00e0 juin 2021 et de 2,74 % par rapport \u00e0 juillet 2020. Image globale affichant une baisse dans les cr\u00e9ations La Suisse a enregistr\u00e9 un total de 4\u2019435 cr\u00e9ations d&#8217;entreprises en juillet 2021. [&hellip;]<\/p>\n","protected":false},"author":1,"featured_media":0,"comment_status":"open","ping_status":"open","sticky":false,"template":"","format":"standard","meta":{"content-type":"","jetpack_post_was_ever_published":false,"_jetpack_newsletter_access":"","_jetpack_dont_email_post_to_subs":false,"_jetpack_newsletter_tier_id":0,"footnotes":"","jetpack_publicize_message":"","jetpack_publicize_feature_enabled":true,"jetpack_social_post_already_shared":true,"jetpack_social_options":{"image_generator_settings":{"template":"highway","enabled":false}}},"categories":[228],"tags":[],"jetpack_publicize_connections":[],"aioseo_notices":[],"views":429,"jetpack_featured_media_url":"","jetpack_sharing_enabled":true,"jetpack_shortlink":"https:\/\/wp.me\/p7y0qY-2BP","_links":{"self":[{"href":"https:\/\/blog.startups.ch\/fr\/wp-json\/wp\/v2\/posts\/10033"}],"collection":[{"href":"https:\/\/blog.startups.ch\/fr\/wp-json\/wp\/v2\/posts"}],"about":[{"href":"https:\/\/blog.startups.ch\/fr\/wp-json\/wp\/v2\/types\/post"}],"author":[{"embeddable":true,"href":"https:\/\/blog.startups.ch\/fr\/wp-json\/wp\/v2\/users\/1"}],"replies":[{"embeddable":true,"href":"https:\/\/blog.startups.ch\/fr\/wp-json\/wp\/v2\/comments?post=10033"}],"version-history":[{"count":2,"href":"https:\/\/blog.startups.ch\/fr\/wp-json\/wp\/v2\/posts\/10033\/revisions"}],"predecessor-version":[{"id":10036,"href":"https:\/\/blog.startups.ch\/fr\/wp-json\/wp\/v2\/posts\/10033\/revisions\/10036"}],"wp:attachment":[{"href":"https:\/\/blog.startups.ch\/fr\/wp-json\/wp\/v2\/media?parent=10033"}],"wp:term":[{"taxonomy":"category","embeddable":true,"href":"https:\/\/blog.startups.ch\/fr\/wp-json\/wp\/v2\/categories?post=10033"},{"taxonomy":"post_tag","embeddable":true,"href":"https:\/\/blog.startups.ch\/fr\/wp-json\/wp\/v2\/tags?post=10033"}],"curies":[{"name":"wp","href":"https:\/\/api.w.org\/{rel}","templated":true}]}}